{"id":10001091,"global_id":"du-starkimnorden.de\/wordpress?id=10001091","global_id_lineage":["du-starkimnorden.de\/wordpress?id=10001091"],"author":"9","status":"publish","date":"2026-01-08 10:13:59","date_utc":"2026-01-08 09:13:59","modified":"2026-01-08 10:13:59","modified_utc":"2026-01-08 09:13:59","url":"https:\/\/du-starkimnorden.de\/wordpress\/event\/erzaehlcafe-2\/2026-06-17\/","rest_url":"https:\/\/du-starkimnorden.de\/wordpress\/wp-json\/tribe\/events\/v1\/events\/10001091","title":"Erz\u00e4hlcaf\u00e9","description":"<p>Im Erz\u00e4hl\u00adca\u00adf\u00e9 60+ kom\u00admen bei Kaf\u00adfee und Kuchen \u00e4lte\u00adre Alt-Hamborner*innen mit und ohne Migra\u00adti\u00adons\u00adhin\u00adter\u00adgrund zusam\u00admen, um sich \u00fcber aktu\u00adel\u00adle The\u00admen aus dem Modell\u00adpro\u00adjekt \u201eStark im Nor\u00adden \u2013 Alt-Ham\u00adborn und Marx\u00adloh\u201c sowie \u00fcber ihren All\u00adtag im Stadt\u00adteil aus\u00adzu\u00adtau\u00adschen.<\/p>\n<p>Die Teilnehmer*innen des Erz\u00e4hl\u00adca\u00adf\u00e9s unter\u00adst\u00fct\u00adzen das Quar\u00adtiers\u00adma\u00adnage\u00adment zudem bei der Schau\u00adfens\u00adter\u00adde\u00adko\u00adra\u00adti\u00adon oder ande\u00adren klei\u00adnen Akti\u00advi\u00adt\u00e4\u00adten im Stadt\u00adteil\u00adb\u00fc\u00adro. Das Quar\u00adtiers\u00adma\u00adnage\u00adment stellt daf\u00fcr ein\u00admal im Monat die R\u00e4um\u00adlich\u00adkei\u00adten zur Ver\u00adf\u00fc\u00adgung, beant\u00adwor\u00adtet Fra\u00adgen und unter\u00adst\u00fctzt das ehren\u00adamt\u00adli\u00adche Enga\u00adge\u00adment der Teilnehmer*innen.<\/p>","excerpt":"","slug":"erzaehlcafe-2","image":false,"all_day":false,"start_date":"2026-06-17 15:00:00","start_date_details":{"year":"2026","month":"06","day":"17","hour":"15","minutes":"00","seconds":"00"},"end_date":"2026-06-17 17:00:00","end_date_details":{"year":"2026","month":"06","day":"17","hour":"17","minutes":"00","seconds":"00"},"utc_start_date":"2026-06-17 13:00:00","utc_start_date_details":{"year":"2026","month":"06","day":"17","hour":"13","minutes":"00","seconds":"00"},"utc_end_date":"2026-06-17 15:00:00","utc_end_date_details":{"year":"2026","month":"06","day":"17","hour":"15","minutes":"00","seconds":"00"},"timezone":"Europe\/Berlin","timezone_abbr":"CET","cost":"","cost_details":{"currency_symbol":"\u20ac","currency_code":"EUR","currency_position":"suffix","values":[]},"website":"","show_map":true,"show_map_link":true,"hide_from_listings":false,"sticky":false,"featured":false,"categories":[{"name":"Erz\u00e4hlcaf\u00e9","slug":"erzaehlcafe","term_group":0,"term_taxonomy_id":65,"taxonomy":"tribe_events_cat","description":"","parent":0,"count":3,"filter":"raw","id":65,"urls":{"self":"https:\/\/du-starkimnorden.de\/wordpress\/wp-json\/tribe\/events\/v1\/categories\/65","collection":"https:\/\/du-starkimnorden.de\/wordpress\/wp-json\/tribe\/events\/v1\/categories"}}],"tags":[],"venue":{"id":6916,"author":"1","status":"publish","date":"2025-10-15 19:07:13","date_utc":"2025-10-15 17:07:13","modified":"2025-10-15 19:07:13","modified_utc":"2025-10-15 17:07:13","url":"https:\/\/du-starkimnorden.de\/wordpress\/veranstaltungsort\/stadtteilbuero-alt-hamborn\/","venue":"Stadtteilb\u00fcro Alt-Hamborn","slug":"stadtteilbuero-alt-hamborn","address":"Hamborner Altmarkt 8","city":"Duisburg","country":"Germany","zip":"47166","phone":"+49 203 31774411","json_ld":{"@type":"Place","name":"Stadtteilb\u00fcro Alt-Hamborn","description":"","url":"https:\/\/du-starkimnorden.de\/wordpress\/veranstaltungsort\/stadtteilbuero-alt-hamborn\/","address":{"@type":"PostalAddress","streetAddress":"Hamborner Altmarkt 8","addressLocality":"Duisburg","postalCode":"47166","addressCountry":"Germany"},"telephone":"+49 203 31774411","sameAs":""},"show_map":true,"show_map_link":true,"global_id":"du-starkimnorden.de\/wordpress?id=6916","global_id_lineage":["du-starkimnorden.de\/wordpress?id=6916"]},"organizer":[],"custom_fields":[],"json_ld":{"@context":"http:\/\/schema.org","@type":"Event","name":"Erz\u00e4hlcaf\u00e9","description":"&lt;p&gt;Im Erz\u00e4hlcaf\u00e9 60+ kommen bei Kaffee und Kuchen \u00e4ltere Alt-Hamborner*innen mit und ohne Migrationshintergrund zusammen, um sich \u00fcber aktuelle Themen aus dem Modellprojekt \u201eStark im Norden \u2013 Alt-Hamborn und Marxloh\u201c [&hellip;]&lt;\/p&gt;\\n","url":"https:\/\/du-starkimnorden.de\/wordpress\/event\/erzaehlcafe-2\/2026-06-17\/","eventAttendanceMode":"https:\/\/schema.org\/OfflineEventAttendanceMode","eventStatus":"https:\/\/schema.org\/EventScheduled","startDate":"2026-06-17T15:00:00+02:00","endDate":"2026-06-17T17:00:00+02:00","location":{"@type":"Place","name":"Stadtteilb\u00fcro Alt-Hamborn","description":"","url":"https:\/\/du-starkimnorden.de\/wordpress\/veranstaltungsort\/stadtteilbuero-alt-hamborn\/","address":{"@type":"PostalAddress","streetAddress":"Hamborner Altmarkt 8","addressLocality":"Duisburg","postalCode":"47166","addressCountry":"Germany"},"telephone":"+49 203 31774411","sameAs":""},"performer":"Organization"},"is_virtual":false,"virtual_url":null,"virtual_video_source":""}