{"id":3536,"date":"2024-01-31T10:00:21","date_gmt":"2024-01-31T09:00:21","guid":{"rendered":"https:\/\/du-starkimnorden.de\/wordpress\/?p=3536"},"modified":"2024-02-07T16:54:30","modified_gmt":"2024-02-07T15:54:30","slug":"klimagerechtes-dach-hof-und-fassadenprogramm-einfach-erklaert","status":"publish","type":"post","link":"https:\/\/du-starkimnorden.de\/wordpress\/klimagerechtes-dach-hof-und-fassadenprogramm-einfach-erklaert\/","title":{"rendered":"Klimagerechtes Dach\u2011, Hof- und Fassadenprogramm einfach erkl\u00e4rt"},"content":{"rendered":"<section class=\"ffb-id-68fap06l fg-section fg-text-dark\"><div class=\"fg-container container fg-container-large fg-container-lvl--1 \"><div class=\"fg-row row    \"><div class=\"ffb-id-68fap06m fg-col col-xs-12 col-md-12 fg-text-dark\"><div class=\"ffb-id-68fapco9 fg-paragraph ff-richtext text-left    fg-text-dark\">\n<p>Nach\u00addem im ver\u00adgan\u00adge\u00adnen Jahr das <a href=\"https:\/\/du-starkimnorden.de\/wordpress\/tp1c\/\">kli\u00adma\u00adge\u00adrech\u00adte Dach\u2011, Hof- und Fas\u00adsa\u00adden\u00adpro\u00adgramm<\/a> gestar\u00adtet ist und der Fokus auf einer umfas\u00adsen\u00adden und digi\u00adta\u00adlen Bestands\u00adauf\u00adnah\u00adme lag, soll es jetzt rich\u00adtig los\u00adge\u00adhen. Die Richt\u00adli\u00adnie wur\u00adde im Juni 2023 vom Rat der Stadt Duis\u00adburg beschlos\u00adsen und f\u00f6r\u00addert Kli\u00adma\u00adan\u00adpas\u00adsungs\u00adma\u00df\u00adnah\u00admen von Geb\u00e4u\u00adden und Innen\u00adh\u00f6\u00adfen. Zus\u00e4tz\u00adlich wur\u00adde durch die bei\u00adden Quar\u00adtiers\u00adar\u00adchi\u00adtek\u00adten, die im Rah\u00admen des Modell\u00advor\u00adha\u00adbens \u201eStark im Nor\u00adden\u201c in Alt-Ham\u00adborn und Marx\u00adloh im Ein\u00adsatz sind, eine Bestands\u00ader\u00adhe\u00adbung der Geb\u00e4u\u00adde\u00adzu\u00adst\u00e4n\u00adde durch\u00adge\u00adf\u00fchrt: \u201eSo konn\u00adten wir uns einen kom\u00adplet\u00adten \u00dcber\u00adblick ver\u00adschaf\u00adfen, wie gro\u00df Bedarfs\u00adla\u00adgen sind und wo die\u00adse kon\u00adkret im Stadt\u00adteil ver\u00ador\u00adtet lie\u00adgen\u201c beschreibt <a href=\"mailto:eickelberg@du-starkimnorden.de\">Chris\u00adti\u00adan Eickel\u00adberg<\/a> (Quar\u00adtiers\u00adar\u00adchi\u00adtekt in Alt-Ham\u00adborn) die Not\u00adwen\u00addig\u00adkeit der Bestands\u00adauf\u00adnah\u00adme. Die viel\u00adsei\u00adti\u00adgen Daten lie\u00adgen jetzt vor, sodass der Fokus ver\u00admehrt auf die B\u00fcr\u00adger\u00adak\u00adti\u00advie\u00adrung sowie die Bewer\u00adbung des F\u00f6r\u00adder\u00adpro\u00adgramms gelegt wer\u00adden kann. Gene\u00adrell sind die bei\u00adden Quar\u00adtiers\u00adar\u00adchi\u00adtek\u00adten nach der Bege\u00adhung von den Qua\u00adli\u00adt\u00e4\u00adten und Poten\u00adzia\u00adlen des Geb\u00e4u\u00adde\u00adbe\u00adstan\u00addes \u00fcber\u00adzeugt.<\/p>\n<p>In den letz\u00adten Wochen haben die Quar\u00adtiers\u00adar\u00adchi\u00adtek\u00adten sich den B\u00fcrger*innen vor\u00adge\u00adstellt und grund\u00adle\u00adgen\u00adde Fra\u00adgen zum kli\u00adma\u00adge\u00adrech\u00adten F\u00f6r\u00adder\u00adpro\u00adgramm beant\u00adwor\u00adtet, aber sehen Sie selbst:<\/p>\n<p><\/p><\/div><div class=\"ffb-id-7duo70ru embed-video-external\"><div class=\"embed-responsive\"><iframe loading=\"lazy\" class=\"embed-responsive-item\" width=\"560\" height=\"315\" src=\"https:\/\/www.youtube.com\/embed\/IJgY_nM4-WI?si=baE2He0fonsnhmlr\" title=\"YouTube video player\" frameborder=\"0\" allow=\"accelerometer; autoplay; clipboard-write; encrypted-media; gyroscope; picture-in-picture; web-share\" allowfullscreen><\/iframe><\/div><\/div><\/div><\/div><\/div><\/section><style>.ffb-id-7duo70ru .embed-responsive{ padding-bottom:56.25%;}.ffb-id-68fapco9 ,.ffb-id-68fapco9:before,.ffb-id-68fapco9:after,.ffb-id-68fapco9 *,.ffb-id-68fapco9 *:before,.ffb-id-68fapco9 *:after{ color: rgba(127, 143, 50) !important;}.ffb-id-68fapco9{ font-size: 16px !important;}.ffb-id-68fapco9 ,.ffb-id-68fapco9:before,.ffb-id-68fapco9:after,.ffb-id-68fapco9:hover,.ffb-id-68fapco9:focus,.ffb-id-68fapco9 *,.ffb-id-68fapco9 *:before,.ffb-id-68fapco9 *:after,.ffb-id-68fapco9 *:hover,.ffb-id-68fapco9 *:focus{ font-size: 16px !important;}@media (min-width:1200px) { .ffb-id-68fapco9{ font-size: 18px !important;}}@media (min-width:1200px) { .ffb-id-68fapco9 ,.ffb-id-68fapco9:before,.ffb-id-68fapco9:after,.ffb-id-68fapco9:hover,.ffb-id-68fapco9:focus,.ffb-id-68fapco9 *,.ffb-id-68fapco9 *:before,.ffb-id-68fapco9 *:after,.ffb-id-68fapco9 *:hover,.ffb-id-68fapco9 *:focus{ font-size: 18px !important;}}<\/style><script type=\"text\/javascript\"><\/script>\n","protected":false},"excerpt":{"rendered":"","protected":false},"author":1,"featured_media":3540,"comment_status":"closed","ping_status":"open","sticky":false,"template":"","format":"standard","meta":{"wp_typography_post_enhancements_disabled":false,"footnotes":""},"categories":[32,35,31],"tags":[34],"class_list":["post-3536","post","type-post","status-publish","format-standard","has-post-thumbnail","hentry","category-news-uebergreifende-massnahmen","category-tp1c","category-uebergreifende-massnahmen","tag-thema-fuer-beide-stadtteile","post-wrapper"],"acf":[],"yoast_head":"<!-- This site is optimized with the Yoast SEO plugin v27.5 - https:\/\/yoast.com\/product\/yoast-seo-wordpress\/ -->\n<title>Klimagerechtes Dach-, Hof- und Fassadenprogramm einfach erkl\u00e4rt - Stark im Norden<\/title>\n<meta name=\"robots\" content=\"index, follow, max-snippet:-1, max-image-preview:large, max-video-preview:-1\" \/>\n<link rel=\"canonical\" href=\"https:\/\/du-starkimnorden.de\/wordpress\/klimagerechtes-dach-hof-und-fassadenprogramm-einfach-erklaert\/\" \/>\n<meta property=\"og:locale\" content=\"de_DE\" \/>\n<meta property=\"og:type\" content=\"article\" \/>\n<meta property=\"og:title\" content=\"Klimagerechtes Dach-, Hof- und Fassadenprogramm einfach erkl\u00e4rt - Stark im Norden\" \/>\n<meta property=\"og:url\" content=\"https:\/\/du-starkimnorden.de\/wordpress\/klimagerechtes-dach-hof-und-fassadenprogramm-einfach-erklaert\/\" \/>\n<meta property=\"og:site_name\" content=\"Stark im Norden\" \/>\n<meta property=\"article:published_time\" content=\"2024-01-31T09:00:21+00:00\" \/>\n<meta property=\"article:modified_time\" content=\"2024-02-07T15:54:30+00:00\" \/>\n<meta property=\"og:image\" content=\"https:\/\/du-starkimnorden.de\/wordpress\/wp-content\/uploads\/2024\/01\/kDHuF.jpg\" \/>\n\t<meta property=\"og:image:width\" content=\"454\" \/>\n\t<meta property=\"og:image:height\" content=\"340\" \/>\n\t<meta property=\"og:image:type\" content=\"image\/jpeg\" \/>\n<meta name=\"author\" content=\"stefan_sturm\" \/>\n<meta name=\"twitter:card\" content=\"summary_large_image\" \/>\n<meta name=\"twitter:label1\" content=\"Verfasst von\" \/>\n\t<meta name=\"twitter:data1\" content=\"stefan_sturm\" \/>\n\t<meta name=\"twitter:label2\" content=\"Gesch\u00e4tzte Lesezeit\" \/>\n\t<meta name=\"twitter:data2\" content=\"3\u00a0Minuten\" \/>\n<script type=\"application\/ld+json\" class=\"yoast-schema-graph\">{\"@context\":\"https:\\\/\\\/schema.org\",\"@graph\":[{\"@type\":\"Article\",\"@id\":\"https:\\\/\\\/du-starkimnorden.de\\\/wordpress\\\/klimagerechtes-dach-hof-und-fassadenprogramm-einfach-erklaert\\\/#article\",\"isPartOf\":{\"@id\":\"https:\\\/\\\/du-starkimnorden.de\\\/wordpress\\\/klimagerechtes-dach-hof-und-fassadenprogramm-einfach-erklaert\\\/\"},\"author\":{\"name\":\"stefan_sturm\",\"@id\":\"https:\\\/\\\/du-starkimnorden.de\\\/wordpress\\\/#\\\/schema\\\/person\\\/2361b37f7c79cc7218307543887972ce\"},\"headline\":\"Klimagerechtes Dach\u2011, Hof- und Fassadenprogramm einfach erkl\u00e4rt\",\"datePublished\":\"2024-01-31T09:00:21+00:00\",\"dateModified\":\"2024-02-07T15:54:30+00:00\",\"mainEntityOfPage\":{\"@id\":\"https:\\\/\\\/du-starkimnorden.de\\\/wordpress\\\/klimagerechtes-dach-hof-und-fassadenprogramm-einfach-erklaert\\\/\"},\"wordCount\":534,\"publisher\":{\"@id\":\"https:\\\/\\\/du-starkimnorden.de\\\/wordpress\\\/#organization\"},\"image\":{\"@id\":\"https:\\\/\\\/du-starkimnorden.de\\\/wordpress\\\/klimagerechtes-dach-hof-und-fassadenprogramm-einfach-erklaert\\\/#primaryimage\"},\"thumbnailUrl\":\"https:\\\/\\\/du-starkimnorden.de\\\/wordpress\\\/wp-content\\\/uploads\\\/2024\\\/01\\\/kDHuF.jpg\",\"keywords\":[\"Thema f\u00fcr beide Stadtteile\"],\"articleSection\":[\"News \u00dcbergreifende Ma\u00dfnahmen\",\"TP1c\",\"\u00dcbergreifende Ma\u00dfnahmen\"],\"inLanguage\":\"de\"},{\"@type\":\"WebPage\",\"@id\":\"https:\\\/\\\/du-starkimnorden.de\\\/wordpress\\\/klimagerechtes-dach-hof-und-fassadenprogramm-einfach-erklaert\\\/\",\"url\":\"https:\\\/\\\/du-starkimnorden.de\\\/wordpress\\\/klimagerechtes-dach-hof-und-fassadenprogramm-einfach-erklaert\\\/\",\"name\":\"Klimagerechtes Dach-, Hof- und Fassadenprogramm einfach erkl\u00e4rt - Stark im Norden\",\"isPartOf\":{\"@id\":\"https:\\\/\\\/du-starkimnorden.de\\\/wordpress\\\/#website\"},\"primaryImageOfPage\":{\"@id\":\"https:\\\/\\\/du-starkimnorden.de\\\/wordpress\\\/klimagerechtes-dach-hof-und-fassadenprogramm-einfach-erklaert\\\/#primaryimage\"},\"image\":{\"@id\":\"https:\\\/\\\/du-starkimnorden.de\\\/wordpress\\\/klimagerechtes-dach-hof-und-fassadenprogramm-einfach-erklaert\\\/#primaryimage\"},\"thumbnailUrl\":\"https:\\\/\\\/du-starkimnorden.de\\\/wordpress\\\/wp-content\\\/uploads\\\/2024\\\/01\\\/kDHuF.jpg\",\"datePublished\":\"2024-01-31T09:00:21+00:00\",\"dateModified\":\"2024-02-07T15:54:30+00:00\",\"breadcrumb\":{\"@id\":\"https:\\\/\\\/du-starkimnorden.de\\\/wordpress\\\/klimagerechtes-dach-hof-und-fassadenprogramm-einfach-erklaert\\\/#breadcrumb\"},\"inLanguage\":\"de\",\"potentialAction\":[{\"@type\":\"ReadAction\",\"target\":[\"https:\\\/\\\/du-starkimnorden.de\\\/wordpress\\\/klimagerechtes-dach-hof-und-fassadenprogramm-einfach-erklaert\\\/\"]}]},{\"@type\":\"ImageObject\",\"inLanguage\":\"de\",\"@id\":\"https:\\\/\\\/du-starkimnorden.de\\\/wordpress\\\/klimagerechtes-dach-hof-und-fassadenprogramm-einfach-erklaert\\\/#primaryimage\",\"url\":\"https:\\\/\\\/du-starkimnorden.de\\\/wordpress\\\/wp-content\\\/uploads\\\/2024\\\/01\\\/kDHuF.jpg\",\"contentUrl\":\"https:\\\/\\\/du-starkimnorden.de\\\/wordpress\\\/wp-content\\\/uploads\\\/2024\\\/01\\\/kDHuF.jpg\",\"width\":454,\"height\":340},{\"@type\":\"BreadcrumbList\",\"@id\":\"https:\\\/\\\/du-starkimnorden.de\\\/wordpress\\\/klimagerechtes-dach-hof-und-fassadenprogramm-einfach-erklaert\\\/#breadcrumb\",\"itemListElement\":[{\"@type\":\"ListItem\",\"position\":1,\"name\":\"Startseite\",\"item\":\"https:\\\/\\\/du-starkimnorden.de\\\/wordpress\\\/\"},{\"@type\":\"ListItem\",\"position\":2,\"name\":\"Klimagerechtes Dach\u2011, Hof- und Fassadenprogramm einfach erkl\u00e4rt\"}]},{\"@type\":\"WebSite\",\"@id\":\"https:\\\/\\\/du-starkimnorden.de\\\/wordpress\\\/#website\",\"url\":\"https:\\\/\\\/du-starkimnorden.de\\\/wordpress\\\/\",\"name\":\"Stark im Norden\",\"description\":\"QM Alt-Hamborn und Marxloh\",\"publisher\":{\"@id\":\"https:\\\/\\\/du-starkimnorden.de\\\/wordpress\\\/#organization\"},\"potentialAction\":[{\"@type\":\"SearchAction\",\"target\":{\"@type\":\"EntryPoint\",\"urlTemplate\":\"https:\\\/\\\/du-starkimnorden.de\\\/wordpress\\\/?s={search_term_string}\"},\"query-input\":{\"@type\":\"PropertyValueSpecification\",\"valueRequired\":true,\"valueName\":\"search_term_string\"}}],\"inLanguage\":\"de\"},{\"@type\":\"Organization\",\"@id\":\"https:\\\/\\\/du-starkimnorden.de\\\/wordpress\\\/#organization\",\"name\":\"Stark im Norden\",\"url\":\"https:\\\/\\\/du-starkimnorden.de\\\/wordpress\\\/\",\"logo\":{\"@type\":\"ImageObject\",\"inLanguage\":\"de\",\"@id\":\"https:\\\/\\\/du-starkimnorden.de\\\/wordpress\\\/#\\\/schema\\\/logo\\\/image\\\/\",\"url\":\"https:\\\/\\\/du-starkimnorden.de\\\/wordpress\\\/wp-content\\\/uploads\\\/2023\\\/04\\\/Logo_03.jpg\",\"contentUrl\":\"https:\\\/\\\/du-starkimnorden.de\\\/wordpress\\\/wp-content\\\/uploads\\\/2023\\\/04\\\/Logo_03.jpg\",\"width\":2000,\"height\":1199,\"caption\":\"Stark im Norden\"},\"image\":{\"@id\":\"https:\\\/\\\/du-starkimnorden.de\\\/wordpress\\\/#\\\/schema\\\/logo\\\/image\\\/\"},\"sameAs\":[\"https:\\\/\\\/www.instagram.com\\\/du_starkimnorden\\\/\"]},{\"@type\":\"Person\",\"@id\":\"https:\\\/\\\/du-starkimnorden.de\\\/wordpress\\\/#\\\/schema\\\/person\\\/2361b37f7c79cc7218307543887972ce\",\"name\":\"stefan_sturm\",\"image\":{\"@type\":\"ImageObject\",\"inLanguage\":\"de\",\"@id\":\"https:\\\/\\\/secure.gravatar.com\\\/avatar\\\/d53a3a69918d41fe53ab37feaafb234d7ca3e8a9cd04459b90c0ab72584d62bc?s=96&d=mm&r=g\",\"url\":\"https:\\\/\\\/secure.gravatar.com\\\/avatar\\\/d53a3a69918d41fe53ab37feaafb234d7ca3e8a9cd04459b90c0ab72584d62bc?s=96&d=mm&r=g\",\"contentUrl\":\"https:\\\/\\\/secure.gravatar.com\\\/avatar\\\/d53a3a69918d41fe53ab37feaafb234d7ca3e8a9cd04459b90c0ab72584d62bc?s=96&d=mm&r=g\",\"caption\":\"stefan_sturm\"},\"sameAs\":[\"http:\\\/\\\/du-starkimnorden.de\\\/wordpress\"],\"url\":\"https:\\\/\\\/du-starkimnorden.de\\\/wordpress\\\/author\\\/stefan_sturm\\\/\"}]}<\/script>\n<!-- \/ Yoast SEO plugin. -->","yoast_head_json":{"title":"Klimagerechtes Dach-, Hof- und Fassadenprogramm einfach erkl\u00e4rt - Stark im Norden","robots":{"index":"index","follow":"follow","max-snippet":"max-snippet:-1","max-image-preview":"max-image-preview:large","max-video-preview":"max-video-preview:-1"},"canonical":"https:\/\/du-starkimnorden.de\/wordpress\/klimagerechtes-dach-hof-und-fassadenprogramm-einfach-erklaert\/","og_locale":"de_DE","og_type":"article","og_title":"Klimagerechtes Dach-, Hof- und Fassadenprogramm einfach erkl\u00e4rt - Stark im Norden","og_url":"https:\/\/du-starkimnorden.de\/wordpress\/klimagerechtes-dach-hof-und-fassadenprogramm-einfach-erklaert\/","og_site_name":"Stark im Norden","article_published_time":"2024-01-31T09:00:21+00:00","article_modified_time":"2024-02-07T15:54:30+00:00","og_image":[{"width":454,"height":340,"url":"https:\/\/du-starkimnorden.de\/wordpress\/wp-content\/uploads\/2024\/01\/kDHuF.jpg","type":"image\/jpeg"}],"author":"stefan_sturm","twitter_card":"summary_large_image","twitter_misc":{"Verfasst von":"stefan_sturm","Gesch\u00e4tzte Lesezeit":"3\u00a0Minuten"},"schema":{"@context":"https:\/\/schema.org","@graph":[{"@type":"Article","@id":"https:\/\/du-starkimnorden.de\/wordpress\/klimagerechtes-dach-hof-und-fassadenprogramm-einfach-erklaert\/#article","isPartOf":{"@id":"https:\/\/du-starkimnorden.de\/wordpress\/klimagerechtes-dach-hof-und-fassadenprogramm-einfach-erklaert\/"},"author":{"name":"stefan_sturm","@id":"https:\/\/du-starkimnorden.de\/wordpress\/#\/schema\/person\/2361b37f7c79cc7218307543887972ce"},"headline":"Klimagerechtes Dach\u2011, Hof- und Fassadenprogramm einfach erkl\u00e4rt","datePublished":"2024-01-31T09:00:21+00:00","dateModified":"2024-02-07T15:54:30+00:00","mainEntityOfPage":{"@id":"https:\/\/du-starkimnorden.de\/wordpress\/klimagerechtes-dach-hof-und-fassadenprogramm-einfach-erklaert\/"},"wordCount":534,"publisher":{"@id":"https:\/\/du-starkimnorden.de\/wordpress\/#organization"},"image":{"@id":"https:\/\/du-starkimnorden.de\/wordpress\/klimagerechtes-dach-hof-und-fassadenprogramm-einfach-erklaert\/#primaryimage"},"thumbnailUrl":"https:\/\/du-starkimnorden.de\/wordpress\/wp-content\/uploads\/2024\/01\/kDHuF.jpg","keywords":["Thema f\u00fcr beide Stadtteile"],"articleSection":["News \u00dcbergreifende Ma\u00dfnahmen","TP1c","\u00dcbergreifende Ma\u00dfnahmen"],"inLanguage":"de"},{"@type":"WebPage","@id":"https:\/\/du-starkimnorden.de\/wordpress\/klimagerechtes-dach-hof-und-fassadenprogramm-einfach-erklaert\/","url":"https:\/\/du-starkimnorden.de\/wordpress\/klimagerechtes-dach-hof-und-fassadenprogramm-einfach-erklaert\/","name":"Klimagerechtes Dach-, Hof- und Fassadenprogramm einfach erkl\u00e4rt - Stark im Norden","isPartOf":{"@id":"https:\/\/du-starkimnorden.de\/wordpress\/#website"},"primaryImageOfPage":{"@id":"https:\/\/du-starkimnorden.de\/wordpress\/klimagerechtes-dach-hof-und-fassadenprogramm-einfach-erklaert\/#primaryimage"},"image":{"@id":"https:\/\/du-starkimnorden.de\/wordpress\/klimagerechtes-dach-hof-und-fassadenprogramm-einfach-erklaert\/#primaryimage"},"thumbnailUrl":"https:\/\/du-starkimnorden.de\/wordpress\/wp-content\/uploads\/2024\/01\/kDHuF.jpg","datePublished":"2024-01-31T09:00:21+00:00","dateModified":"2024-02-07T15:54:30+00:00","breadcrumb":{"@id":"https:\/\/du-starkimnorden.de\/wordpress\/klimagerechtes-dach-hof-und-fassadenprogramm-einfach-erklaert\/#breadcrumb"},"inLanguage":"de","potentialAction":[{"@type":"ReadAction","target":["https:\/\/du-starkimnorden.de\/wordpress\/klimagerechtes-dach-hof-und-fassadenprogramm-einfach-erklaert\/"]}]},{"@type":"ImageObject","inLanguage":"de","@id":"https:\/\/du-starkimnorden.de\/wordpress\/klimagerechtes-dach-hof-und-fassadenprogramm-einfach-erklaert\/#primaryimage","url":"https:\/\/du-starkimnorden.de\/wordpress\/wp-content\/uploads\/2024\/01\/kDHuF.jpg","contentUrl":"https:\/\/du-starkimnorden.de\/wordpress\/wp-content\/uploads\/2024\/01\/kDHuF.jpg","width":454,"height":340},{"@type":"BreadcrumbList","@id":"https:\/\/du-starkimnorden.de\/wordpress\/klimagerechtes-dach-hof-und-fassadenprogramm-einfach-erklaert\/#breadcrumb","itemListElement":[{"@type":"ListItem","position":1,"name":"Startseite","item":"https:\/\/du-starkimnorden.de\/wordpress\/"},{"@type":"ListItem","position":2,"name":"Klimagerechtes Dach\u2011, Hof- und Fassadenprogramm einfach erkl\u00e4rt"}]},{"@type":"WebSite","@id":"https:\/\/du-starkimnorden.de\/wordpress\/#website","url":"https:\/\/du-starkimnorden.de\/wordpress\/","name":"Stark im Norden","description":"QM Alt-Hamborn und Marxloh","publisher":{"@id":"https:\/\/du-starkimnorden.de\/wordpress\/#organization"},"potentialAction":[{"@type":"SearchAction","target":{"@type":"EntryPoint","urlTemplate":"https:\/\/du-starkimnorden.de\/wordpress\/?s={search_term_string}"},"query-input":{"@type":"PropertyValueSpecification","valueRequired":true,"valueName":"search_term_string"}}],"inLanguage":"de"},{"@type":"Organization","@id":"https:\/\/du-starkimnorden.de\/wordpress\/#organization","name":"Stark im Norden","url":"https:\/\/du-starkimnorden.de\/wordpress\/","logo":{"@type":"ImageObject","inLanguage":"de","@id":"https:\/\/du-starkimnorden.de\/wordpress\/#\/schema\/logo\/image\/","url":"https:\/\/du-starkimnorden.de\/wordpress\/wp-content\/uploads\/2023\/04\/Logo_03.jpg","contentUrl":"https:\/\/du-starkimnorden.de\/wordpress\/wp-content\/uploads\/2023\/04\/Logo_03.jpg","width":2000,"height":1199,"caption":"Stark im Norden"},"image":{"@id":"https:\/\/du-starkimnorden.de\/wordpress\/#\/schema\/logo\/image\/"},"sameAs":["https:\/\/www.instagram.com\/du_starkimnorden\/"]},{"@type":"Person","@id":"https:\/\/du-starkimnorden.de\/wordpress\/#\/schema\/person\/2361b37f7c79cc7218307543887972ce","name":"stefan_sturm","image":{"@type":"ImageObject","inLanguage":"de","@id":"https:\/\/secure.gravatar.com\/avatar\/d53a3a69918d41fe53ab37feaafb234d7ca3e8a9cd04459b90c0ab72584d62bc?s=96&d=mm&r=g","url":"https:\/\/secure.gravatar.com\/avatar\/d53a3a69918d41fe53ab37feaafb234d7ca3e8a9cd04459b90c0ab72584d62bc?s=96&d=mm&r=g","contentUrl":"https:\/\/secure.gravatar.com\/avatar\/d53a3a69918d41fe53ab37feaafb234d7ca3e8a9cd04459b90c0ab72584d62bc?s=96&d=mm&r=g","caption":"stefan_sturm"},"sameAs":["http:\/\/du-starkimnorden.de\/wordpress"],"url":"https:\/\/du-starkimnorden.de\/wordpress\/author\/stefan_sturm\/"}]}},"_links":{"self":[{"href":"https:\/\/du-starkimnorden.de\/wordpress\/wp-json\/wp\/v2\/posts\/3536","targetHints":{"allow":["GET"]}}],"collection":[{"href":"https:\/\/du-starkimnorden.de\/wordpress\/wp-json\/wp\/v2\/posts"}],"about":[{"href":"https:\/\/du-starkimnorden.de\/wordpress\/wp-json\/wp\/v2\/types\/post"}],"author":[{"embeddable":true,"href":"https:\/\/du-starkimnorden.de\/wordpress\/wp-json\/wp\/v2\/users\/1"}],"replies":[{"embeddable":true,"href":"https:\/\/du-starkimnorden.de\/wordpress\/wp-json\/wp\/v2\/comments?post=3536"}],"version-history":[{"count":8,"href":"https:\/\/du-starkimnorden.de\/wordpress\/wp-json\/wp\/v2\/posts\/3536\/revisions"}],"predecessor-version":[{"id":3551,"href":"https:\/\/du-starkimnorden.de\/wordpress\/wp-json\/wp\/v2\/posts\/3536\/revisions\/3551"}],"wp:featuredmedia":[{"embeddable":true,"href":"https:\/\/du-starkimnorden.de\/wordpress\/wp-json\/wp\/v2\/media\/3540"}],"wp:attachment":[{"href":"https:\/\/du-starkimnorden.de\/wordpress\/wp-json\/wp\/v2\/media?parent=3536"}],"wp:term":[{"taxonomy":"category","embeddable":true,"href":"https:\/\/du-starkimnorden.de\/wordpress\/wp-json\/wp\/v2\/categories?post=3536"},{"taxonomy":"post_tag","embeddable":true,"href":"https:\/\/du-starkimnorden.de\/wordpress\/wp-json\/wp\/v2\/tags?post=3536"}],"curies":[{"name":"wp","href":"https:\/\/api.w.org\/{rel}","templated":true}]}}