{"id":4032,"date":"2024-06-12T15:58:02","date_gmt":"2024-06-12T13:58:02","guid":{"rendered":"https:\/\/du-starkimnorden.de\/wordpress\/?p=4032"},"modified":"2024-06-12T16:10:57","modified_gmt":"2024-06-12T14:10:57","slug":"neuigkeiten-zum-klimagerechten-dach-hof-und-fassadenprogramm","status":"publish","type":"post","link":"https:\/\/du-starkimnorden.de\/wordpress\/neuigkeiten-zum-klimagerechten-dach-hof-und-fassadenprogramm\/","title":{"rendered":"Neuigkeiten zum klimagerechten Dach\u2011, Hof- und Fassadenprogramm"},"content":{"rendered":"<section class=\"ffb-id-68fap06l fg-section fg-text-dark\"><div class=\"fg-container container fg-container-large fg-container-lvl--1 \"><div class=\"fg-row row    \"><div class=\"ffb-id-68fap06m fg-col col-xs-12 col-md-12 fg-text-dark\"><blockquote class=\"ffb-id-7i9tviu7 blockquotes-v4 text-center fg-text-dark\"><div class=\"blockquotes-v4-text ff-richtext\">\n<p style=\"text-align: justify\">In den letz\u00adten Tagen neh\u00admen wir freu\u00addig ein erh\u00f6h\u00adtes Inter\u00ades\u00adse an unse\u00adrem F\u00f6r\u00adder\u00adpro\u00adgramm wahr, was wom\u00f6g\u00adlich auch mit der Ver\u00adsen\u00addung des akti\u00advie\u00adren\u00adden Seri\u00aden\u00adbriefs an die diver\u00adsen Immobilieneigent\u00fcmer*innen in den Stadt\u00adtei\u00adlen zusam\u00admen\u00adh\u00e4ngt. Wir freu\u00aden uns sehr \u00fcber die vie\u00adlen Anfra\u00adgen und unse\u00adre Quar\u00adtiers\u00adar\u00adchi\u00adtek\u00adten ste\u00adhen Ihnen kon\u00adti\u00adnu\u00adier\u00adlich f\u00fcr R\u00fcck\u00adfra\u00adgen und zur fort\u00adlau\u00adfen\u00adden Unter\u00adst\u00fct\u00adzung bei F\u00f6r\u00adder\u00adan\u00adtr\u00e4\u00adgen zur Ver\u00adf\u00fc\u00adgung.<\/p>\n<p style=\"text-align: justify\">Auf dem Bild ist die ers\u00adte Umset\u00adzung einer gef\u00f6r\u00adder\u00adten Ma\u00df\u00adnah\u00adme zu sehen, die in Alt-Ham\u00adborn vor kur\u00adzer Zeit begon\u00adnen hat. Auch unser Ban\u00adner zum kli\u00adma\u00adge\u00adrech\u00adten Dach\u2011, Hof- und Fas\u00adsa\u00adden\u00adpro\u00adgramm ist zuletzt am Ger\u00fcst auf\u00adge\u00adh\u00e4ngt wor\u00adden.<\/p>\n<p style=\"text-align: justify\">Mel\u00adden Sie sich ger\u00adne wei\u00adter\u00adhin bei uns, wenn Sie Inter\u00ades\u00adse am Fas\u00adsa\u00adden\u00adpro\u00adgramm haben, wel\u00adches Ihnen eine Kos\u00adten\u00adf\u00f6r\u00adde\u00adrung von bis zu 50% erm\u00f6g\u00adli\u00adchen kann.<\/p>\n<p style=\"text-align: justify\">&nbsp;<\/p>\n<p style=\"text-align: justify\">Mat\u00adth\u00e4\u00adus Nowak f\u00fcr Marx\u00adloh: nowak@du-starkimnorden.de<\/p>\n<p style=\"text-align: justify\">Chris\u00adti\u00adan Eickel\u00adberg f\u00fcr Alt-Ham\u00adborn: eickelberg@du-starkimnorden.de<\/p>\n<p><\/p><\/div><span class=\"blockquotes-v4-by\"><\/span><\/blockquote><div class=\"ffb-id-68fapco9 fg-paragraph ff-richtext text-left    fg-text-dark\"><\/div><\/div><\/div><\/div><\/section><style>.ffb-id-68fapco9 ,.ffb-id-68fapco9:before,.ffb-id-68fapco9:after,.ffb-id-68fapco9 *,.ffb-id-68fapco9 *:before,.ffb-id-68fapco9 *:after{ color: rgba(127, 143, 50) !important;}.ffb-id-68fapco9{ font-size: 16px !important;}.ffb-id-68fapco9 ,.ffb-id-68fapco9:before,.ffb-id-68fapco9:after,.ffb-id-68fapco9:hover,.ffb-id-68fapco9:focus,.ffb-id-68fapco9 *,.ffb-id-68fapco9 *:before,.ffb-id-68fapco9 *:after,.ffb-id-68fapco9 *:hover,.ffb-id-68fapco9 *:focus{ font-size: 16px !important;}@media (min-width:1200px) { .ffb-id-68fapco9{ font-size: 18px !important;}}@media (min-width:1200px) { .ffb-id-68fapco9 ,.ffb-id-68fapco9:before,.ffb-id-68fapco9:after,.ffb-id-68fapco9:hover,.ffb-id-68fapco9:focus,.ffb-id-68fapco9 *,.ffb-id-68fapco9 *:before,.ffb-id-68fapco9 *:after,.ffb-id-68fapco9 *:hover,.ffb-id-68fapco9 *:focus{ font-size: 18px !important;}}.ffb-id-7i9tviu7 .blockquotes-v4-text:before{ background-color: #cbcbcb ;}.ffb-id-7i9tviu7 .blockquotes-v4-text:after{ background-color: #cbcbcb ;}<\/style><script type=\"text\/javascript\"><\/script>\n","protected":false},"excerpt":{"rendered":"","protected":false},"author":6,"featured_media":4033,"comment_status":"closed","ping_status":"open","sticky":false,"template":"","format":"standard","meta":{"wp_typography_post_enhancements_disabled":false,"footnotes":""},"categories":[32,26,27,35],"tags":[34],"class_list":["post-4032","post","type-post","status-publish","format-standard","has-post-thumbnail","hentry","category-news-uebergreifende-massnahmen","category-stadtteilbuero-alt-hamborn","category-stadtteilbuero-marxloh","category-tp1c","tag-thema-fuer-beide-stadtteile","post-wrapper"],"acf":[],"yoast_head":"<!-- This site is optimized with the Yoast SEO plugin v27.5 - https:\/\/yoast.com\/product\/yoast-seo-wordpress\/ -->\n<title>Neuigkeiten zum klimagerechten Dach-, Hof- und Fassadenprogramm - Stark im Norden<\/title>\n<meta name=\"robots\" content=\"index, follow, max-snippet:-1, max-image-preview:large, max-video-preview:-1\" \/>\n<link rel=\"canonical\" href=\"https:\/\/du-starkimnorden.de\/wordpress\/neuigkeiten-zum-klimagerechten-dach-hof-und-fassadenprogramm\/\" \/>\n<meta property=\"og:locale\" content=\"de_DE\" \/>\n<meta property=\"og:type\" content=\"article\" \/>\n<meta property=\"og:title\" content=\"Neuigkeiten zum klimagerechten Dach-, Hof- und Fassadenprogramm - Stark im Norden\" \/>\n<meta property=\"og:url\" content=\"https:\/\/du-starkimnorden.de\/wordpress\/neuigkeiten-zum-klimagerechten-dach-hof-und-fassadenprogramm\/\" \/>\n<meta property=\"og:site_name\" content=\"Stark im Norden\" \/>\n<meta property=\"article:published_time\" content=\"2024-06-12T13:58:02+00:00\" \/>\n<meta property=\"article:modified_time\" content=\"2024-06-12T14:10:57+00:00\" \/>\n<meta property=\"og:image\" content=\"https:\/\/du-starkimnorden.de\/wordpress\/wp-content\/uploads\/2024\/06\/20240605_152911.jpg\" \/>\n\t<meta property=\"og:image:width\" content=\"2000\" \/>\n\t<meta property=\"og:image:height\" content=\"1658\" \/>\n\t<meta property=\"og:image:type\" content=\"image\/jpeg\" \/>\n<meta name=\"author\" content=\"Jan Ottensmann\" \/>\n<meta name=\"twitter:card\" content=\"summary_large_image\" \/>\n<meta name=\"twitter:label1\" content=\"Verfasst von\" \/>\n\t<meta name=\"twitter:data1\" content=\"Jan Ottensmann\" \/>\n\t<meta name=\"twitter:label2\" content=\"Gesch\u00e4tzte Lesezeit\" \/>\n\t<meta name=\"twitter:data2\" content=\"2\u00a0Minuten\" \/>\n<script type=\"application\/ld+json\" class=\"yoast-schema-graph\">{\"@context\":\"https:\\\/\\\/schema.org\",\"@graph\":[{\"@type\":\"Article\",\"@id\":\"https:\\\/\\\/du-starkimnorden.de\\\/wordpress\\\/neuigkeiten-zum-klimagerechten-dach-hof-und-fassadenprogramm\\\/#article\",\"isPartOf\":{\"@id\":\"https:\\\/\\\/du-starkimnorden.de\\\/wordpress\\\/neuigkeiten-zum-klimagerechten-dach-hof-und-fassadenprogramm\\\/\"},\"author\":{\"name\":\"Jan Ottensmann\",\"@id\":\"https:\\\/\\\/du-starkimnorden.de\\\/wordpress\\\/#\\\/schema\\\/person\\\/eb7e9fd6ee0844ceffdd793d9ccf505f\"},\"headline\":\"Neuigkeiten zum klimagerechten Dach\u2011, Hof- und Fassadenprogramm\",\"datePublished\":\"2024-06-12T13:58:02+00:00\",\"dateModified\":\"2024-06-12T14:10:57+00:00\",\"mainEntityOfPage\":{\"@id\":\"https:\\\/\\\/du-starkimnorden.de\\\/wordpress\\\/neuigkeiten-zum-klimagerechten-dach-hof-und-fassadenprogramm\\\/\"},\"wordCount\":468,\"publisher\":{\"@id\":\"https:\\\/\\\/du-starkimnorden.de\\\/wordpress\\\/#organization\"},\"image\":{\"@id\":\"https:\\\/\\\/du-starkimnorden.de\\\/wordpress\\\/neuigkeiten-zum-klimagerechten-dach-hof-und-fassadenprogramm\\\/#primaryimage\"},\"thumbnailUrl\":\"https:\\\/\\\/du-starkimnorden.de\\\/wordpress\\\/wp-content\\\/uploads\\\/2024\\\/06\\\/20240605_152911.jpg\",\"keywords\":[\"Thema f\u00fcr beide Stadtteile\"],\"articleSection\":[\"News \u00dcbergreifende Ma\u00dfnahmen\",\"Stadtteilb\u00fcro Alt-Hamborn\",\"Stadtteilb\u00fcro Marxloh\",\"TP1c\"],\"inLanguage\":\"de\"},{\"@type\":\"WebPage\",\"@id\":\"https:\\\/\\\/du-starkimnorden.de\\\/wordpress\\\/neuigkeiten-zum-klimagerechten-dach-hof-und-fassadenprogramm\\\/\",\"url\":\"https:\\\/\\\/du-starkimnorden.de\\\/wordpress\\\/neuigkeiten-zum-klimagerechten-dach-hof-und-fassadenprogramm\\\/\",\"name\":\"Neuigkeiten zum klimagerechten Dach-, Hof- und Fassadenprogramm - Stark im Norden\",\"isPartOf\":{\"@id\":\"https:\\\/\\\/du-starkimnorden.de\\\/wordpress\\\/#website\"},\"primaryImageOfPage\":{\"@id\":\"https:\\\/\\\/du-starkimnorden.de\\\/wordpress\\\/neuigkeiten-zum-klimagerechten-dach-hof-und-fassadenprogramm\\\/#primaryimage\"},\"image\":{\"@id\":\"https:\\\/\\\/du-starkimnorden.de\\\/wordpress\\\/neuigkeiten-zum-klimagerechten-dach-hof-und-fassadenprogramm\\\/#primaryimage\"},\"thumbnailUrl\":\"https:\\\/\\\/du-starkimnorden.de\\\/wordpress\\\/wp-content\\\/uploads\\\/2024\\\/06\\\/20240605_152911.jpg\",\"datePublished\":\"2024-06-12T13:58:02+00:00\",\"dateModified\":\"2024-06-12T14:10:57+00:00\",\"breadcrumb\":{\"@id\":\"https:\\\/\\\/du-starkimnorden.de\\\/wordpress\\\/neuigkeiten-zum-klimagerechten-dach-hof-und-fassadenprogramm\\\/#breadcrumb\"},\"inLanguage\":\"de\",\"potentialAction\":[{\"@type\":\"ReadAction\",\"target\":[\"https:\\\/\\\/du-starkimnorden.de\\\/wordpress\\\/neuigkeiten-zum-klimagerechten-dach-hof-und-fassadenprogramm\\\/\"]}]},{\"@type\":\"ImageObject\",\"inLanguage\":\"de\",\"@id\":\"https:\\\/\\\/du-starkimnorden.de\\\/wordpress\\\/neuigkeiten-zum-klimagerechten-dach-hof-und-fassadenprogramm\\\/#primaryimage\",\"url\":\"https:\\\/\\\/du-starkimnorden.de\\\/wordpress\\\/wp-content\\\/uploads\\\/2024\\\/06\\\/20240605_152911.jpg\",\"contentUrl\":\"https:\\\/\\\/du-starkimnorden.de\\\/wordpress\\\/wp-content\\\/uploads\\\/2024\\\/06\\\/20240605_152911.jpg\",\"width\":2000,\"height\":1658},{\"@type\":\"BreadcrumbList\",\"@id\":\"https:\\\/\\\/du-starkimnorden.de\\\/wordpress\\\/neuigkeiten-zum-klimagerechten-dach-hof-und-fassadenprogramm\\\/#breadcrumb\",\"itemListElement\":[{\"@type\":\"ListItem\",\"position\":1,\"name\":\"Startseite\",\"item\":\"https:\\\/\\\/du-starkimnorden.de\\\/wordpress\\\/\"},{\"@type\":\"ListItem\",\"position\":2,\"name\":\"Neuigkeiten zum klimagerechten Dach\u2011, Hof- und Fassadenprogramm\"}]},{\"@type\":\"WebSite\",\"@id\":\"https:\\\/\\\/du-starkimnorden.de\\\/wordpress\\\/#website\",\"url\":\"https:\\\/\\\/du-starkimnorden.de\\\/wordpress\\\/\",\"name\":\"Stark im Norden\",\"description\":\"QM Alt-Hamborn und Marxloh\",\"publisher\":{\"@id\":\"https:\\\/\\\/du-starkimnorden.de\\\/wordpress\\\/#organization\"},\"potentialAction\":[{\"@type\":\"SearchAction\",\"target\":{\"@type\":\"EntryPoint\",\"urlTemplate\":\"https:\\\/\\\/du-starkimnorden.de\\\/wordpress\\\/?s={search_term_string}\"},\"query-input\":{\"@type\":\"PropertyValueSpecification\",\"valueRequired\":true,\"valueName\":\"search_term_string\"}}],\"inLanguage\":\"de\"},{\"@type\":\"Organization\",\"@id\":\"https:\\\/\\\/du-starkimnorden.de\\\/wordpress\\\/#organization\",\"name\":\"Stark im Norden\",\"url\":\"https:\\\/\\\/du-starkimnorden.de\\\/wordpress\\\/\",\"logo\":{\"@type\":\"ImageObject\",\"inLanguage\":\"de\",\"@id\":\"https:\\\/\\\/du-starkimnorden.de\\\/wordpress\\\/#\\\/schema\\\/logo\\\/image\\\/\",\"url\":\"https:\\\/\\\/du-starkimnorden.de\\\/wordpress\\\/wp-content\\\/uploads\\\/2023\\\/04\\\/Logo_03.jpg\",\"contentUrl\":\"https:\\\/\\\/du-starkimnorden.de\\\/wordpress\\\/wp-content\\\/uploads\\\/2023\\\/04\\\/Logo_03.jpg\",\"width\":2000,\"height\":1199,\"caption\":\"Stark im Norden\"},\"image\":{\"@id\":\"https:\\\/\\\/du-starkimnorden.de\\\/wordpress\\\/#\\\/schema\\\/logo\\\/image\\\/\"},\"sameAs\":[\"https:\\\/\\\/www.instagram.com\\\/du_starkimnorden\\\/\"]},{\"@type\":\"Person\",\"@id\":\"https:\\\/\\\/du-starkimnorden.de\\\/wordpress\\\/#\\\/schema\\\/person\\\/eb7e9fd6ee0844ceffdd793d9ccf505f\",\"name\":\"Jan Ottensmann\",\"image\":{\"@type\":\"ImageObject\",\"inLanguage\":\"de\",\"@id\":\"https:\\\/\\\/secure.gravatar.com\\\/avatar\\\/8c80d20a0acb4562e1b844b88a183abd390a24fe58534797d4b8e2a7d77d1e38?s=96&d=mm&r=g\",\"url\":\"https:\\\/\\\/secure.gravatar.com\\\/avatar\\\/8c80d20a0acb4562e1b844b88a183abd390a24fe58534797d4b8e2a7d77d1e38?s=96&d=mm&r=g\",\"contentUrl\":\"https:\\\/\\\/secure.gravatar.com\\\/avatar\\\/8c80d20a0acb4562e1b844b88a183abd390a24fe58534797d4b8e2a7d77d1e38?s=96&d=mm&r=g\",\"caption\":\"Jan Ottensmann\"},\"url\":\"https:\\\/\\\/du-starkimnorden.de\\\/wordpress\\\/author\\\/ottensmann\\\/\"}]}<\/script>\n<!-- \/ Yoast SEO plugin. -->","yoast_head_json":{"title":"Neuigkeiten zum klimagerechten Dach-, Hof- und Fassadenprogramm - Stark im Norden","robots":{"index":"index","follow":"follow","max-snippet":"max-snippet:-1","max-image-preview":"max-image-preview:large","max-video-preview":"max-video-preview:-1"},"canonical":"https:\/\/du-starkimnorden.de\/wordpress\/neuigkeiten-zum-klimagerechten-dach-hof-und-fassadenprogramm\/","og_locale":"de_DE","og_type":"article","og_title":"Neuigkeiten zum klimagerechten Dach-, Hof- und Fassadenprogramm - Stark im Norden","og_url":"https:\/\/du-starkimnorden.de\/wordpress\/neuigkeiten-zum-klimagerechten-dach-hof-und-fassadenprogramm\/","og_site_name":"Stark im Norden","article_published_time":"2024-06-12T13:58:02+00:00","article_modified_time":"2024-06-12T14:10:57+00:00","og_image":[{"width":2000,"height":1658,"url":"https:\/\/du-starkimnorden.de\/wordpress\/wp-content\/uploads\/2024\/06\/20240605_152911.jpg","type":"image\/jpeg"}],"author":"Jan Ottensmann","twitter_card":"summary_large_image","twitter_misc":{"Verfasst von":"Jan Ottensmann","Gesch\u00e4tzte Lesezeit":"2\u00a0Minuten"},"schema":{"@context":"https:\/\/schema.org","@graph":[{"@type":"Article","@id":"https:\/\/du-starkimnorden.de\/wordpress\/neuigkeiten-zum-klimagerechten-dach-hof-und-fassadenprogramm\/#article","isPartOf":{"@id":"https:\/\/du-starkimnorden.de\/wordpress\/neuigkeiten-zum-klimagerechten-dach-hof-und-fassadenprogramm\/"},"author":{"name":"Jan Ottensmann","@id":"https:\/\/du-starkimnorden.de\/wordpress\/#\/schema\/person\/eb7e9fd6ee0844ceffdd793d9ccf505f"},"headline":"Neuigkeiten zum klimagerechten Dach\u2011, Hof- und Fassadenprogramm","datePublished":"2024-06-12T13:58:02+00:00","dateModified":"2024-06-12T14:10:57+00:00","mainEntityOfPage":{"@id":"https:\/\/du-starkimnorden.de\/wordpress\/neuigkeiten-zum-klimagerechten-dach-hof-und-fassadenprogramm\/"},"wordCount":468,"publisher":{"@id":"https:\/\/du-starkimnorden.de\/wordpress\/#organization"},"image":{"@id":"https:\/\/du-starkimnorden.de\/wordpress\/neuigkeiten-zum-klimagerechten-dach-hof-und-fassadenprogramm\/#primaryimage"},"thumbnailUrl":"https:\/\/du-starkimnorden.de\/wordpress\/wp-content\/uploads\/2024\/06\/20240605_152911.jpg","keywords":["Thema f\u00fcr beide Stadtteile"],"articleSection":["News \u00dcbergreifende Ma\u00dfnahmen","Stadtteilb\u00fcro Alt-Hamborn","Stadtteilb\u00fcro Marxloh","TP1c"],"inLanguage":"de"},{"@type":"WebPage","@id":"https:\/\/du-starkimnorden.de\/wordpress\/neuigkeiten-zum-klimagerechten-dach-hof-und-fassadenprogramm\/","url":"https:\/\/du-starkimnorden.de\/wordpress\/neuigkeiten-zum-klimagerechten-dach-hof-und-fassadenprogramm\/","name":"Neuigkeiten zum klimagerechten Dach-, Hof- und Fassadenprogramm - Stark im Norden","isPartOf":{"@id":"https:\/\/du-starkimnorden.de\/wordpress\/#website"},"primaryImageOfPage":{"@id":"https:\/\/du-starkimnorden.de\/wordpress\/neuigkeiten-zum-klimagerechten-dach-hof-und-fassadenprogramm\/#primaryimage"},"image":{"@id":"https:\/\/du-starkimnorden.de\/wordpress\/neuigkeiten-zum-klimagerechten-dach-hof-und-fassadenprogramm\/#primaryimage"},"thumbnailUrl":"https:\/\/du-starkimnorden.de\/wordpress\/wp-content\/uploads\/2024\/06\/20240605_152911.jpg","datePublished":"2024-06-12T13:58:02+00:00","dateModified":"2024-06-12T14:10:57+00:00","breadcrumb":{"@id":"https:\/\/du-starkimnorden.de\/wordpress\/neuigkeiten-zum-klimagerechten-dach-hof-und-fassadenprogramm\/#breadcrumb"},"inLanguage":"de","potentialAction":[{"@type":"ReadAction","target":["https:\/\/du-starkimnorden.de\/wordpress\/neuigkeiten-zum-klimagerechten-dach-hof-und-fassadenprogramm\/"]}]},{"@type":"ImageObject","inLanguage":"de","@id":"https:\/\/du-starkimnorden.de\/wordpress\/neuigkeiten-zum-klimagerechten-dach-hof-und-fassadenprogramm\/#primaryimage","url":"https:\/\/du-starkimnorden.de\/wordpress\/wp-content\/uploads\/2024\/06\/20240605_152911.jpg","contentUrl":"https:\/\/du-starkimnorden.de\/wordpress\/wp-content\/uploads\/2024\/06\/20240605_152911.jpg","width":2000,"height":1658},{"@type":"BreadcrumbList","@id":"https:\/\/du-starkimnorden.de\/wordpress\/neuigkeiten-zum-klimagerechten-dach-hof-und-fassadenprogramm\/#breadcrumb","itemListElement":[{"@type":"ListItem","position":1,"name":"Startseite","item":"https:\/\/du-starkimnorden.de\/wordpress\/"},{"@type":"ListItem","position":2,"name":"Neuigkeiten zum klimagerechten Dach\u2011, Hof- und Fassadenprogramm"}]},{"@type":"WebSite","@id":"https:\/\/du-starkimnorden.de\/wordpress\/#website","url":"https:\/\/du-starkimnorden.de\/wordpress\/","name":"Stark im Norden","description":"QM Alt-Hamborn und Marxloh","publisher":{"@id":"https:\/\/du-starkimnorden.de\/wordpress\/#organization"},"potentialAction":[{"@type":"SearchAction","target":{"@type":"EntryPoint","urlTemplate":"https:\/\/du-starkimnorden.de\/wordpress\/?s={search_term_string}"},"query-input":{"@type":"PropertyValueSpecification","valueRequired":true,"valueName":"search_term_string"}}],"inLanguage":"de"},{"@type":"Organization","@id":"https:\/\/du-starkimnorden.de\/wordpress\/#organization","name":"Stark im Norden","url":"https:\/\/du-starkimnorden.de\/wordpress\/","logo":{"@type":"ImageObject","inLanguage":"de","@id":"https:\/\/du-starkimnorden.de\/wordpress\/#\/schema\/logo\/image\/","url":"https:\/\/du-starkimnorden.de\/wordpress\/wp-content\/uploads\/2023\/04\/Logo_03.jpg","contentUrl":"https:\/\/du-starkimnorden.de\/wordpress\/wp-content\/uploads\/2023\/04\/Logo_03.jpg","width":2000,"height":1199,"caption":"Stark im Norden"},"image":{"@id":"https:\/\/du-starkimnorden.de\/wordpress\/#\/schema\/logo\/image\/"},"sameAs":["https:\/\/www.instagram.com\/du_starkimnorden\/"]},{"@type":"Person","@id":"https:\/\/du-starkimnorden.de\/wordpress\/#\/schema\/person\/eb7e9fd6ee0844ceffdd793d9ccf505f","name":"Jan Ottensmann","image":{"@type":"ImageObject","inLanguage":"de","@id":"https:\/\/secure.gravatar.com\/avatar\/8c80d20a0acb4562e1b844b88a183abd390a24fe58534797d4b8e2a7d77d1e38?s=96&d=mm&r=g","url":"https:\/\/secure.gravatar.com\/avatar\/8c80d20a0acb4562e1b844b88a183abd390a24fe58534797d4b8e2a7d77d1e38?s=96&d=mm&r=g","contentUrl":"https:\/\/secure.gravatar.com\/avatar\/8c80d20a0acb4562e1b844b88a183abd390a24fe58534797d4b8e2a7d77d1e38?s=96&d=mm&r=g","caption":"Jan Ottensmann"},"url":"https:\/\/du-starkimnorden.de\/wordpress\/author\/ottensmann\/"}]}},"_links":{"self":[{"href":"https:\/\/du-starkimnorden.de\/wordpress\/wp-json\/wp\/v2\/posts\/4032","targetHints":{"allow":["GET"]}}],"collection":[{"href":"https:\/\/du-starkimnorden.de\/wordpress\/wp-json\/wp\/v2\/posts"}],"about":[{"href":"https:\/\/du-starkimnorden.de\/wordpress\/wp-json\/wp\/v2\/types\/post"}],"author":[{"embeddable":true,"href":"https:\/\/du-starkimnorden.de\/wordpress\/wp-json\/wp\/v2\/users\/6"}],"replies":[{"embeddable":true,"href":"https:\/\/du-starkimnorden.de\/wordpress\/wp-json\/wp\/v2\/comments?post=4032"}],"version-history":[{"count":8,"href":"https:\/\/du-starkimnorden.de\/wordpress\/wp-json\/wp\/v2\/posts\/4032\/revisions"}],"predecessor-version":[{"id":4043,"href":"https:\/\/du-starkimnorden.de\/wordpress\/wp-json\/wp\/v2\/posts\/4032\/revisions\/4043"}],"wp:featuredmedia":[{"embeddable":true,"href":"https:\/\/du-starkimnorden.de\/wordpress\/wp-json\/wp\/v2\/media\/4033"}],"wp:attachment":[{"href":"https:\/\/du-starkimnorden.de\/wordpress\/wp-json\/wp\/v2\/media?parent=4032"}],"wp:term":[{"taxonomy":"category","embeddable":true,"href":"https:\/\/du-starkimnorden.de\/wordpress\/wp-json\/wp\/v2\/categories?post=4032"},{"taxonomy":"post_tag","embeddable":true,"href":"https:\/\/du-starkimnorden.de\/wordpress\/wp-json\/wp\/v2\/tags?post=4032"}],"curies":[{"name":"wp","href":"https:\/\/api.w.org\/{rel}","templated":true}]}}