{"id":7257,"date":"2025-12-05T12:00:00","date_gmt":"2025-12-05T11:00:00","guid":{"rendered":"https:\/\/du-starkimnorden.de\/wordpress\/?p=7257"},"modified":"2025-12-08T17:18:51","modified_gmt":"2025-12-08T16:18:51","slug":"sprachcafe-der-vhs-duisburg-in-hamborn-und-marxloh-ab-sofort-unter-neuer-leitung","status":"publish","type":"post","link":"https:\/\/du-starkimnorden.de\/wordpress\/sprachcafe-der-vhs-duisburg-in-hamborn-und-marxloh-ab-sofort-unter-neuer-leitung\/","title":{"rendered":"Sprachcaf\u00e9 der VHS Duisburg in Hamborn und Marxloh ab sofort unter neuer Leitung"},"content":{"rendered":"<section class=\"ffb-id-68fap06l fg-section fg-text-dark\"><div class=\"fg-container container fg-container-large fg-container-lvl--1 \"><div class=\"fg-row row    \"><div class=\"ffb-id-68fap06m fg-col col-xs-12 col-md-12 fg-text-dark\"><blockquote class=\"ffb-id-7i9tviu7 blockquotes-v4 text-center fg-text-dark\"><div class=\"blockquotes-v4-text ff-richtext\">\n<p style=\"text-align: left\">Die Sprach\u00adca\u00adf\u00e9s in den Stadt\u00adteil\u00adb\u00fc\u00adros \u201eStark im Nor\u00adden\u201c in Marx\u00adloh und Alt-Ham\u00adborn sind mitt\u00adler\u00adwei\u00adle ein fes\u00adter Bestand\u00adteil der Ange\u00adbo\u00adte jen\u00adseits der Bau\u00adpro\u00adjek\u00adte im Rah\u00admen des Modell\u00advor\u00adha\u00adbens. In bei\u00adden Stadt\u00adtei\u00adlen haben sich \u00fcber die Zeit sta\u00adbi\u00adle Grup\u00adpen mit vie\u00adlen \u201eStamm\u00adg\u00e4s\u00adten\u201c gebil\u00addet \u2013 und zugleich sto\u00ad\u00dfen immer wie\u00adder neue Besucher*innen dazu.<\/p>\n<p style=\"text-align: left\">Vor einem Jahr \u00fcber\u00adnahm Utku Kahr\u00ada\u00adman die Lei\u00adtung der Sprach\u00adca\u00adf\u00e9s von Sev\u00adki Kaya. Mit sei\u00adner offe\u00adnen Art, viel Geduld, Ein\u00adf\u00fch\u00adlungs\u00adver\u00adm\u00f6\u00adgen und Humor gelang es ihm schnell, eine ver\u00adtrau\u00adens\u00advol\u00adle Atmo\u00adsph\u00e4\u00adre zu schaf\u00adfen und die Teil\u00adneh\u00admen\u00adden sou\u00adve\u00adr\u00e4n durch die T\u00fccken der deut\u00adschen Spra\u00adche zu beglei\u00adten. Nun wid\u00admet sich Utku neu\u00aden Auf\u00adga\u00adben.<\/p>\n<p style=\"text-align: left\">Ab dem 09.12.2025 \u00fcber\u00adnimmt Roni Kaya die Lei\u00adtung der bei\u00adden Sprach\u00adca\u00adf\u00e9s \u2013 ein klei\u00adner Kreis schlie\u00dft sich, denn er ist der Sohn des ehe\u00adma\u00adli\u00adgen Lei\u00adters Sev\u00adki Kaya. Roni freut sich auf die neue Auf\u00adga\u00adbe und dar\u00adauf, die Men\u00adschen ein St\u00fcck auf ihrem Weg zu beglei\u00adten und sie bei ihrem Start in einen neu\u00aden Lebens\u00adab\u00adschnitt zu unter\u00adst\u00fct\u00adzen.<\/p>\n<p style=\"text-align: left\">Die Sprach\u00adca\u00adf\u00e9s fin\u00adden wei\u00adter\u00adhin diens\u00adtags statt:<\/p>\n<p style=\"text-align: left\"><strong>Alt-Ham\u00adborn: 09:00\u201310:30 Uhr<\/strong><\/p>\n<p style=\"text-align: left\"><strong>Marx\u00adloh: 11:00\u201312:30 Uhr<\/strong><\/p>\n<p style=\"text-align: left\"><strong>W\u00e4h\u00adrend der Semes\u00adter\u00adfe\u00adri\u00aden pau\u00adsie\u00adren die Ange\u00adbo\u00adte vom 23.12.2025 bis zum 27.01.2026. Ab dem 03.02.2026 lau\u00adfen die Sprach\u00adca\u00adf\u00e9s wie\u00adder regu\u00adl\u00e4r.<\/strong><\/p>\n<p><\/p><\/div><span class=\"blockquotes-v4-by\"><\/span><\/blockquote><div class=\"ffb-id-68fapco9 fg-paragraph ff-richtext text-left    fg-text-dark\"><\/div><\/div><\/div><\/div><\/section><style>.ffb-id-68fapco9 ,.ffb-id-68fapco9:before,.ffb-id-68fapco9:after,.ffb-id-68fapco9 *,.ffb-id-68fapco9 *:before,.ffb-id-68fapco9 *:after{ color: rgba(127, 143, 50) !important;}.ffb-id-68fapco9{ font-size: 16px !important;}.ffb-id-68fapco9 ,.ffb-id-68fapco9:before,.ffb-id-68fapco9:after,.ffb-id-68fapco9:hover,.ffb-id-68fapco9:focus,.ffb-id-68fapco9 *,.ffb-id-68fapco9 *:before,.ffb-id-68fapco9 *:after,.ffb-id-68fapco9 *:hover,.ffb-id-68fapco9 *:focus{ font-size: 16px !important;}@media (min-width:1200px) { .ffb-id-68fapco9{ font-size: 18px !important;}}@media (min-width:1200px) { .ffb-id-68fapco9 ,.ffb-id-68fapco9:before,.ffb-id-68fapco9:after,.ffb-id-68fapco9:hover,.ffb-id-68fapco9:focus,.ffb-id-68fapco9 *,.ffb-id-68fapco9 *:before,.ffb-id-68fapco9 *:after,.ffb-id-68fapco9 *:hover,.ffb-id-68fapco9 *:focus{ font-size: 18px !important;}}.ffb-id-7i9tviu7 .blockquotes-v4-text:before{ background-color: #cbcbcb ;}.ffb-id-7i9tviu7 .blockquotes-v4-text:after{ background-color: #cbcbcb ;}<\/style><script type=\"text\/javascript\"><\/script>\n","protected":false},"excerpt":{"rendered":"","protected":false},"author":6,"featured_media":7268,"comment_status":"closed","ping_status":"open","sticky":false,"template":"","format":"standard","meta":{"wp_typography_post_enhancements_disabled":false,"footnotes":""},"categories":[1,32,30,29,26,27,8],"tags":[34],"class_list":["post-7257","post","type-post","status-publish","format-standard","has-post-thumbnail","hentry","category-allgemein","category-news-uebergreifende-massnahmen","category-news-alt-hamborn","category-news-marxloh","category-stadtteilbuero-alt-hamborn","category-stadtteilbuero-marxloh","category-tp1","tag-thema-fuer-beide-stadtteile","post-wrapper"],"acf":[],"yoast_head":"<!-- This site is optimized with the Yoast SEO plugin v27.5 - https:\/\/yoast.com\/product\/yoast-seo-wordpress\/ -->\n<title>Sprachcaf\u00e9 der VHS Duisburg in Hamborn und Marxloh ab sofort unter neuer Leitung - Stark im Norden<\/title>\n<meta name=\"robots\" content=\"index, follow, max-snippet:-1, max-image-preview:large, max-video-preview:-1\" \/>\n<link rel=\"canonical\" href=\"https:\/\/du-starkimnorden.de\/wordpress\/sprachcafe-der-vhs-duisburg-in-hamborn-und-marxloh-ab-sofort-unter-neuer-leitung\/\" \/>\n<meta property=\"og:locale\" content=\"de_DE\" \/>\n<meta property=\"og:type\" content=\"article\" \/>\n<meta property=\"og:title\" content=\"Sprachcaf\u00e9 der VHS Duisburg in Hamborn und Marxloh ab sofort unter neuer Leitung - Stark im Norden\" \/>\n<meta property=\"og:url\" content=\"https:\/\/du-starkimnorden.de\/wordpress\/sprachcafe-der-vhs-duisburg-in-hamborn-und-marxloh-ab-sofort-unter-neuer-leitung\/\" \/>\n<meta property=\"og:site_name\" content=\"Stark im Norden\" \/>\n<meta property=\"article:published_time\" content=\"2025-12-05T11:00:00+00:00\" \/>\n<meta property=\"article:modified_time\" content=\"2025-12-08T16:18:51+00:00\" \/>\n<meta property=\"og:image\" content=\"https:\/\/du-starkimnorden.de\/wordpress\/wp-content\/uploads\/2025\/12\/Bild1-3-scaled.jpg\" \/>\n\t<meta property=\"og:image:width\" content=\"2560\" \/>\n\t<meta property=\"og:image:height\" content=\"1935\" \/>\n\t<meta property=\"og:image:type\" content=\"image\/jpeg\" \/>\n<meta name=\"author\" content=\"Jan Ottensmann\" \/>\n<meta name=\"twitter:card\" content=\"summary_large_image\" \/>\n<meta name=\"twitter:label1\" content=\"Verfasst von\" \/>\n\t<meta name=\"twitter:data1\" content=\"Jan Ottensmann\" \/>\n\t<meta name=\"twitter:label2\" content=\"Gesch\u00e4tzte Lesezeit\" \/>\n\t<meta name=\"twitter:data2\" content=\"2\u00a0Minuten\" \/>\n<script type=\"application\/ld+json\" class=\"yoast-schema-graph\">{\"@context\":\"https:\\\/\\\/schema.org\",\"@graph\":[{\"@type\":\"Article\",\"@id\":\"https:\\\/\\\/du-starkimnorden.de\\\/wordpress\\\/sprachcafe-der-vhs-duisburg-in-hamborn-und-marxloh-ab-sofort-unter-neuer-leitung\\\/#article\",\"isPartOf\":{\"@id\":\"https:\\\/\\\/du-starkimnorden.de\\\/wordpress\\\/sprachcafe-der-vhs-duisburg-in-hamborn-und-marxloh-ab-sofort-unter-neuer-leitung\\\/\"},\"author\":{\"name\":\"Jan Ottensmann\",\"@id\":\"https:\\\/\\\/du-starkimnorden.de\\\/wordpress\\\/#\\\/schema\\\/person\\\/eb7e9fd6ee0844ceffdd793d9ccf505f\"},\"headline\":\"Sprachcaf\u00e9 der VHS Duisburg in Hamborn und Marxloh ab sofort unter neuer Leitung\",\"datePublished\":\"2025-12-05T11:00:00+00:00\",\"dateModified\":\"2025-12-08T16:18:51+00:00\",\"mainEntityOfPage\":{\"@id\":\"https:\\\/\\\/du-starkimnorden.de\\\/wordpress\\\/sprachcafe-der-vhs-duisburg-in-hamborn-und-marxloh-ab-sofort-unter-neuer-leitung\\\/\"},\"wordCount\":530,\"publisher\":{\"@id\":\"https:\\\/\\\/du-starkimnorden.de\\\/wordpress\\\/#organization\"},\"image\":{\"@id\":\"https:\\\/\\\/du-starkimnorden.de\\\/wordpress\\\/sprachcafe-der-vhs-duisburg-in-hamborn-und-marxloh-ab-sofort-unter-neuer-leitung\\\/#primaryimage\"},\"thumbnailUrl\":\"https:\\\/\\\/du-starkimnorden.de\\\/wordpress\\\/wp-content\\\/uploads\\\/2025\\\/12\\\/Bild1-3-scaled.jpg\",\"keywords\":[\"Thema f\u00fcr beide Stadtteile\"],\"articleSection\":{\"1\":\"News \u00dcbergreifende Ma\u00dfnahmen\",\"2\":\"News-Alt-Hamborn\",\"3\":\"News-Marxloh\",\"4\":\"Stadtteilb\u00fcro Alt-Hamborn\",\"5\":\"Stadtteilb\u00fcro Marxloh\",\"6\":\"TP1\"},\"inLanguage\":\"de\"},{\"@type\":\"WebPage\",\"@id\":\"https:\\\/\\\/du-starkimnorden.de\\\/wordpress\\\/sprachcafe-der-vhs-duisburg-in-hamborn-und-marxloh-ab-sofort-unter-neuer-leitung\\\/\",\"url\":\"https:\\\/\\\/du-starkimnorden.de\\\/wordpress\\\/sprachcafe-der-vhs-duisburg-in-hamborn-und-marxloh-ab-sofort-unter-neuer-leitung\\\/\",\"name\":\"Sprachcaf\u00e9 der VHS Duisburg in Hamborn und Marxloh ab sofort unter neuer Leitung - Stark im Norden\",\"isPartOf\":{\"@id\":\"https:\\\/\\\/du-starkimnorden.de\\\/wordpress\\\/#website\"},\"primaryImageOfPage\":{\"@id\":\"https:\\\/\\\/du-starkimnorden.de\\\/wordpress\\\/sprachcafe-der-vhs-duisburg-in-hamborn-und-marxloh-ab-sofort-unter-neuer-leitung\\\/#primaryimage\"},\"image\":{\"@id\":\"https:\\\/\\\/du-starkimnorden.de\\\/wordpress\\\/sprachcafe-der-vhs-duisburg-in-hamborn-und-marxloh-ab-sofort-unter-neuer-leitung\\\/#primaryimage\"},\"thumbnailUrl\":\"https:\\\/\\\/du-starkimnorden.de\\\/wordpress\\\/wp-content\\\/uploads\\\/2025\\\/12\\\/Bild1-3-scaled.jpg\",\"datePublished\":\"2025-12-05T11:00:00+00:00\",\"dateModified\":\"2025-12-08T16:18:51+00:00\",\"breadcrumb\":{\"@id\":\"https:\\\/\\\/du-starkimnorden.de\\\/wordpress\\\/sprachcafe-der-vhs-duisburg-in-hamborn-und-marxloh-ab-sofort-unter-neuer-leitung\\\/#breadcrumb\"},\"inLanguage\":\"de\",\"potentialAction\":[{\"@type\":\"ReadAction\",\"target\":[\"https:\\\/\\\/du-starkimnorden.de\\\/wordpress\\\/sprachcafe-der-vhs-duisburg-in-hamborn-und-marxloh-ab-sofort-unter-neuer-leitung\\\/\"]}]},{\"@type\":\"ImageObject\",\"inLanguage\":\"de\",\"@id\":\"https:\\\/\\\/du-starkimnorden.de\\\/wordpress\\\/sprachcafe-der-vhs-duisburg-in-hamborn-und-marxloh-ab-sofort-unter-neuer-leitung\\\/#primaryimage\",\"url\":\"https:\\\/\\\/du-starkimnorden.de\\\/wordpress\\\/wp-content\\\/uploads\\\/2025\\\/12\\\/Bild1-3-scaled.jpg\",\"contentUrl\":\"https:\\\/\\\/du-starkimnorden.de\\\/wordpress\\\/wp-content\\\/uploads\\\/2025\\\/12\\\/Bild1-3-scaled.jpg\",\"width\":2000,\"height\":1512},{\"@type\":\"BreadcrumbList\",\"@id\":\"https:\\\/\\\/du-starkimnorden.de\\\/wordpress\\\/sprachcafe-der-vhs-duisburg-in-hamborn-und-marxloh-ab-sofort-unter-neuer-leitung\\\/#breadcrumb\",\"itemListElement\":[{\"@type\":\"ListItem\",\"position\":1,\"name\":\"Startseite\",\"item\":\"https:\\\/\\\/du-starkimnorden.de\\\/wordpress\\\/\"},{\"@type\":\"ListItem\",\"position\":2,\"name\":\"Sprachcaf\u00e9 der VHS Duisburg in Hamborn und Marxloh ab sofort unter neuer Leitung\"}]},{\"@type\":\"WebSite\",\"@id\":\"https:\\\/\\\/du-starkimnorden.de\\\/wordpress\\\/#website\",\"url\":\"https:\\\/\\\/du-starkimnorden.de\\\/wordpress\\\/\",\"name\":\"Stark im Norden\",\"description\":\"QM Alt-Hamborn und Marxloh\",\"publisher\":{\"@id\":\"https:\\\/\\\/du-starkimnorden.de\\\/wordpress\\\/#organization\"},\"potentialAction\":[{\"@type\":\"SearchAction\",\"target\":{\"@type\":\"EntryPoint\",\"urlTemplate\":\"https:\\\/\\\/du-starkimnorden.de\\\/wordpress\\\/?s={search_term_string}\"},\"query-input\":{\"@type\":\"PropertyValueSpecification\",\"valueRequired\":true,\"valueName\":\"search_term_string\"}}],\"inLanguage\":\"de\"},{\"@type\":\"Organization\",\"@id\":\"https:\\\/\\\/du-starkimnorden.de\\\/wordpress\\\/#organization\",\"name\":\"Stark im Norden\",\"url\":\"https:\\\/\\\/du-starkimnorden.de\\\/wordpress\\\/\",\"logo\":{\"@type\":\"ImageObject\",\"inLanguage\":\"de\",\"@id\":\"https:\\\/\\\/du-starkimnorden.de\\\/wordpress\\\/#\\\/schema\\\/logo\\\/image\\\/\",\"url\":\"https:\\\/\\\/du-starkimnorden.de\\\/wordpress\\\/wp-content\\\/uploads\\\/2023\\\/04\\\/Logo_03.jpg\",\"contentUrl\":\"https:\\\/\\\/du-starkimnorden.de\\\/wordpress\\\/wp-content\\\/uploads\\\/2023\\\/04\\\/Logo_03.jpg\",\"width\":2000,\"height\":1199,\"caption\":\"Stark im Norden\"},\"image\":{\"@id\":\"https:\\\/\\\/du-starkimnorden.de\\\/wordpress\\\/#\\\/schema\\\/logo\\\/image\\\/\"},\"sameAs\":[\"https:\\\/\\\/www.instagram.com\\\/du_starkimnorden\\\/\"]},{\"@type\":\"Person\",\"@id\":\"https:\\\/\\\/du-starkimnorden.de\\\/wordpress\\\/#\\\/schema\\\/person\\\/eb7e9fd6ee0844ceffdd793d9ccf505f\",\"name\":\"Jan Ottensmann\",\"image\":{\"@type\":\"ImageObject\",\"inLanguage\":\"de\",\"@id\":\"https:\\\/\\\/secure.gravatar.com\\\/avatar\\\/8c80d20a0acb4562e1b844b88a183abd390a24fe58534797d4b8e2a7d77d1e38?s=96&d=mm&r=g\",\"url\":\"https:\\\/\\\/secure.gravatar.com\\\/avatar\\\/8c80d20a0acb4562e1b844b88a183abd390a24fe58534797d4b8e2a7d77d1e38?s=96&d=mm&r=g\",\"contentUrl\":\"https:\\\/\\\/secure.gravatar.com\\\/avatar\\\/8c80d20a0acb4562e1b844b88a183abd390a24fe58534797d4b8e2a7d77d1e38?s=96&d=mm&r=g\",\"caption\":\"Jan Ottensmann\"},\"url\":\"https:\\\/\\\/du-starkimnorden.de\\\/wordpress\\\/author\\\/ottensmann\\\/\"}]}<\/script>\n<!-- \/ Yoast SEO plugin. -->","yoast_head_json":{"title":"Sprachcaf\u00e9 der VHS Duisburg in Hamborn und Marxloh ab sofort unter neuer Leitung - Stark im Norden","robots":{"index":"index","follow":"follow","max-snippet":"max-snippet:-1","max-image-preview":"max-image-preview:large","max-video-preview":"max-video-preview:-1"},"canonical":"https:\/\/du-starkimnorden.de\/wordpress\/sprachcafe-der-vhs-duisburg-in-hamborn-und-marxloh-ab-sofort-unter-neuer-leitung\/","og_locale":"de_DE","og_type":"article","og_title":"Sprachcaf\u00e9 der VHS Duisburg in Hamborn und Marxloh ab sofort unter neuer Leitung - Stark im Norden","og_url":"https:\/\/du-starkimnorden.de\/wordpress\/sprachcafe-der-vhs-duisburg-in-hamborn-und-marxloh-ab-sofort-unter-neuer-leitung\/","og_site_name":"Stark im Norden","article_published_time":"2025-12-05T11:00:00+00:00","article_modified_time":"2025-12-08T16:18:51+00:00","og_image":[{"width":2560,"height":1935,"url":"https:\/\/du-starkimnorden.de\/wordpress\/wp-content\/uploads\/2025\/12\/Bild1-3-scaled.jpg","type":"image\/jpeg"}],"author":"Jan Ottensmann","twitter_card":"summary_large_image","twitter_misc":{"Verfasst von":"Jan Ottensmann","Gesch\u00e4tzte Lesezeit":"2\u00a0Minuten"},"schema":{"@context":"https:\/\/schema.org","@graph":[{"@type":"Article","@id":"https:\/\/du-starkimnorden.de\/wordpress\/sprachcafe-der-vhs-duisburg-in-hamborn-und-marxloh-ab-sofort-unter-neuer-leitung\/#article","isPartOf":{"@id":"https:\/\/du-starkimnorden.de\/wordpress\/sprachcafe-der-vhs-duisburg-in-hamborn-und-marxloh-ab-sofort-unter-neuer-leitung\/"},"author":{"name":"Jan Ottensmann","@id":"https:\/\/du-starkimnorden.de\/wordpress\/#\/schema\/person\/eb7e9fd6ee0844ceffdd793d9ccf505f"},"headline":"Sprachcaf\u00e9 der VHS Duisburg in Hamborn und Marxloh ab sofort unter neuer Leitung","datePublished":"2025-12-05T11:00:00+00:00","dateModified":"2025-12-08T16:18:51+00:00","mainEntityOfPage":{"@id":"https:\/\/du-starkimnorden.de\/wordpress\/sprachcafe-der-vhs-duisburg-in-hamborn-und-marxloh-ab-sofort-unter-neuer-leitung\/"},"wordCount":530,"publisher":{"@id":"https:\/\/du-starkimnorden.de\/wordpress\/#organization"},"image":{"@id":"https:\/\/du-starkimnorden.de\/wordpress\/sprachcafe-der-vhs-duisburg-in-hamborn-und-marxloh-ab-sofort-unter-neuer-leitung\/#primaryimage"},"thumbnailUrl":"https:\/\/du-starkimnorden.de\/wordpress\/wp-content\/uploads\/2025\/12\/Bild1-3-scaled.jpg","keywords":["Thema f\u00fcr beide Stadtteile"],"articleSection":{"1":"News \u00dcbergreifende Ma\u00dfnahmen","2":"News-Alt-Hamborn","3":"News-Marxloh","4":"Stadtteilb\u00fcro Alt-Hamborn","5":"Stadtteilb\u00fcro Marxloh","6":"TP1"},"inLanguage":"de"},{"@type":"WebPage","@id":"https:\/\/du-starkimnorden.de\/wordpress\/sprachcafe-der-vhs-duisburg-in-hamborn-und-marxloh-ab-sofort-unter-neuer-leitung\/","url":"https:\/\/du-starkimnorden.de\/wordpress\/sprachcafe-der-vhs-duisburg-in-hamborn-und-marxloh-ab-sofort-unter-neuer-leitung\/","name":"Sprachcaf\u00e9 der VHS Duisburg in Hamborn und Marxloh ab sofort unter neuer Leitung - Stark im Norden","isPartOf":{"@id":"https:\/\/du-starkimnorden.de\/wordpress\/#website"},"primaryImageOfPage":{"@id":"https:\/\/du-starkimnorden.de\/wordpress\/sprachcafe-der-vhs-duisburg-in-hamborn-und-marxloh-ab-sofort-unter-neuer-leitung\/#primaryimage"},"image":{"@id":"https:\/\/du-starkimnorden.de\/wordpress\/sprachcafe-der-vhs-duisburg-in-hamborn-und-marxloh-ab-sofort-unter-neuer-leitung\/#primaryimage"},"thumbnailUrl":"https:\/\/du-starkimnorden.de\/wordpress\/wp-content\/uploads\/2025\/12\/Bild1-3-scaled.jpg","datePublished":"2025-12-05T11:00:00+00:00","dateModified":"2025-12-08T16:18:51+00:00","breadcrumb":{"@id":"https:\/\/du-starkimnorden.de\/wordpress\/sprachcafe-der-vhs-duisburg-in-hamborn-und-marxloh-ab-sofort-unter-neuer-leitung\/#breadcrumb"},"inLanguage":"de","potentialAction":[{"@type":"ReadAction","target":["https:\/\/du-starkimnorden.de\/wordpress\/sprachcafe-der-vhs-duisburg-in-hamborn-und-marxloh-ab-sofort-unter-neuer-leitung\/"]}]},{"@type":"ImageObject","inLanguage":"de","@id":"https:\/\/du-starkimnorden.de\/wordpress\/sprachcafe-der-vhs-duisburg-in-hamborn-und-marxloh-ab-sofort-unter-neuer-leitung\/#primaryimage","url":"https:\/\/du-starkimnorden.de\/wordpress\/wp-content\/uploads\/2025\/12\/Bild1-3-scaled.jpg","contentUrl":"https:\/\/du-starkimnorden.de\/wordpress\/wp-content\/uploads\/2025\/12\/Bild1-3-scaled.jpg","width":2000,"height":1512},{"@type":"BreadcrumbList","@id":"https:\/\/du-starkimnorden.de\/wordpress\/sprachcafe-der-vhs-duisburg-in-hamborn-und-marxloh-ab-sofort-unter-neuer-leitung\/#breadcrumb","itemListElement":[{"@type":"ListItem","position":1,"name":"Startseite","item":"https:\/\/du-starkimnorden.de\/wordpress\/"},{"@type":"ListItem","position":2,"name":"Sprachcaf\u00e9 der VHS Duisburg in Hamborn und Marxloh ab sofort unter neuer Leitung"}]},{"@type":"WebSite","@id":"https:\/\/du-starkimnorden.de\/wordpress\/#website","url":"https:\/\/du-starkimnorden.de\/wordpress\/","name":"Stark im Norden","description":"QM Alt-Hamborn und Marxloh","publisher":{"@id":"https:\/\/du-starkimnorden.de\/wordpress\/#organization"},"potentialAction":[{"@type":"SearchAction","target":{"@type":"EntryPoint","urlTemplate":"https:\/\/du-starkimnorden.de\/wordpress\/?s={search_term_string}"},"query-input":{"@type":"PropertyValueSpecification","valueRequired":true,"valueName":"search_term_string"}}],"inLanguage":"de"},{"@type":"Organization","@id":"https:\/\/du-starkimnorden.de\/wordpress\/#organization","name":"Stark im Norden","url":"https:\/\/du-starkimnorden.de\/wordpress\/","logo":{"@type":"ImageObject","inLanguage":"de","@id":"https:\/\/du-starkimnorden.de\/wordpress\/#\/schema\/logo\/image\/","url":"https:\/\/du-starkimnorden.de\/wordpress\/wp-content\/uploads\/2023\/04\/Logo_03.jpg","contentUrl":"https:\/\/du-starkimnorden.de\/wordpress\/wp-content\/uploads\/2023\/04\/Logo_03.jpg","width":2000,"height":1199,"caption":"Stark im Norden"},"image":{"@id":"https:\/\/du-starkimnorden.de\/wordpress\/#\/schema\/logo\/image\/"},"sameAs":["https:\/\/www.instagram.com\/du_starkimnorden\/"]},{"@type":"Person","@id":"https:\/\/du-starkimnorden.de\/wordpress\/#\/schema\/person\/eb7e9fd6ee0844ceffdd793d9ccf505f","name":"Jan Ottensmann","image":{"@type":"ImageObject","inLanguage":"de","@id":"https:\/\/secure.gravatar.com\/avatar\/8c80d20a0acb4562e1b844b88a183abd390a24fe58534797d4b8e2a7d77d1e38?s=96&d=mm&r=g","url":"https:\/\/secure.gravatar.com\/avatar\/8c80d20a0acb4562e1b844b88a183abd390a24fe58534797d4b8e2a7d77d1e38?s=96&d=mm&r=g","contentUrl":"https:\/\/secure.gravatar.com\/avatar\/8c80d20a0acb4562e1b844b88a183abd390a24fe58534797d4b8e2a7d77d1e38?s=96&d=mm&r=g","caption":"Jan Ottensmann"},"url":"https:\/\/du-starkimnorden.de\/wordpress\/author\/ottensmann\/"}]}},"_links":{"self":[{"href":"https:\/\/du-starkimnorden.de\/wordpress\/wp-json\/wp\/v2\/posts\/7257","targetHints":{"allow":["GET"]}}],"collection":[{"href":"https:\/\/du-starkimnorden.de\/wordpress\/wp-json\/wp\/v2\/posts"}],"about":[{"href":"https:\/\/du-starkimnorden.de\/wordpress\/wp-json\/wp\/v2\/types\/post"}],"author":[{"embeddable":true,"href":"https:\/\/du-starkimnorden.de\/wordpress\/wp-json\/wp\/v2\/users\/6"}],"replies":[{"embeddable":true,"href":"https:\/\/du-starkimnorden.de\/wordpress\/wp-json\/wp\/v2\/comments?post=7257"}],"version-history":[{"count":14,"href":"https:\/\/du-starkimnorden.de\/wordpress\/wp-json\/wp\/v2\/posts\/7257\/revisions"}],"predecessor-version":[{"id":7274,"href":"https:\/\/du-starkimnorden.de\/wordpress\/wp-json\/wp\/v2\/posts\/7257\/revisions\/7274"}],"wp:featuredmedia":[{"embeddable":true,"href":"https:\/\/du-starkimnorden.de\/wordpress\/wp-json\/wp\/v2\/media\/7268"}],"wp:attachment":[{"href":"https:\/\/du-starkimnorden.de\/wordpress\/wp-json\/wp\/v2\/media?parent=7257"}],"wp:term":[{"taxonomy":"category","embeddable":true,"href":"https:\/\/du-starkimnorden.de\/wordpress\/wp-json\/wp\/v2\/categories?post=7257"},{"taxonomy":"post_tag","embeddable":true,"href":"https:\/\/du-starkimnorden.de\/wordpress\/wp-json\/wp\/v2\/tags?post=7257"}],"curies":[{"name":"wp","href":"https:\/\/api.w.org\/{rel}","templated":true}]}}