{"id":7453,"date":"2026-01-20T12:00:00","date_gmt":"2026-01-20T11:00:00","guid":{"rendered":"https:\/\/du-starkimnorden.de\/wordpress\/?p=7453"},"modified":"2026-01-26T13:07:54","modified_gmt":"2026-01-26T12:07:54","slug":"ausstellungseroeffnung-der-siegerentwuerfe-zum-kuenftigen-friedrich-park-und-dem-bewegungsparcours-rund-um-marxloh-am-05-02-2026","status":"publish","type":"post","link":"https:\/\/du-starkimnorden.de\/wordpress\/ausstellungseroeffnung-der-siegerentwuerfe-zum-kuenftigen-friedrich-park-und-dem-bewegungsparcours-rund-um-marxloh-am-05-02-2026\/","title":{"rendered":"Ausstellungser\u00f6ffnung der Siegerentw\u00fcrfe zum k\u00fcnftigen Friedrich-Park und dem Bewegungsparcours rund um Marxloh am 05.02.2026"},"content":{"rendered":"<section class=\"ffb-id-68fap06l fg-section fg-text-dark\"><div class=\"fg-container container fg-container-large fg-container-lvl--1 \"><div class=\"fg-row row    \"><div class=\"ffb-id-68fap06m fg-col col-xs-12 col-md-12 fg-text-dark\"><div class=\"ffb-id-68fapco9 fg-paragraph ff-richtext text-left    fg-text-dark\">\n<p style=\"text-align: left\">Die Vor\u00adfreu\u00adde war gro\u00df und die Dis\u00adkus\u00adsio\u00adnen inten\u00adsiv: In der Preis\u00adge\u00adrichts\u00adsit\u00adzung am 15.01.2026 wur\u00adde bis in die fr\u00fc\u00adhen Abend\u00adstun\u00adden \u2013 zuletzt bis fast 19:00 Uhr \u2013 \u00fcber die ein\u00adge\u00adreich\u00adten Gestal\u00adtungs\u00adent\u00adw\u00fcr\u00adfe f\u00fcr den k\u00fcnf\u00adti\u00adgen Fried\u00adrich-Park n\u00f6rd\u00adlich und s\u00fcd\u00adlich der Fritz-Schupp-Stra\u00ad\u00dfe sowie den damit ver\u00adbun\u00adde\u00adnen Bewe\u00adgungs\u00adpar\u00adcours rund um Marx\u00adloh bera\u00adten.<\/p>\n<p style=\"text-align: left\">Der frei\u00adraum\u00adpla\u00adne\u00adri\u00adsche Wett\u00adbe\u00adwerb f\u00fcr die\u00adses bedeu\u00adten\u00adde Gr\u00fcn\u2011, Spiel\u2011, Sport- und Frei\u00adraum\u00adpro\u00adjekt ist nun ent\u00adschie\u00adden. Die Preis\u00adtr\u00e4\u00adger sind:<\/p>\n<p style=\"text-align: left\">1.&nbsp;&nbsp;&nbsp;&nbsp;&nbsp; Preis: KOKOMO, Ber\u00adlin<\/p>\n<p style=\"text-align: left\">2.&nbsp;&nbsp;&nbsp;&nbsp;&nbsp; Preis: GREENBOX, K\u00f6ln<\/p>\n<p style=\"text-align: left\">3.&nbsp;&nbsp;&nbsp;&nbsp;&nbsp; Preis: TOPOTEK 1, Ber\u00adlin<\/p>\n<p style=\"text-align: left\">Alle ein\u00adge\u00adreich\u00adten Arbei\u00adten zeich\u00adne\u00adten sich durch eine sehr hohe gestal\u00adte\u00adri\u00adsche und kon\u00adzep\u00adtio\u00adnel\u00adle Qua\u00adli\u00adt\u00e4t aus \u2013 ein beacht\u00adli\u00adches Ergeb\u00adnis ange\u00adsichts der anspruchs\u00advol\u00adlen Auf\u00adga\u00adben\u00adstel\u00adlung. Bei den aus\u00adge\u00adzeich\u00adne\u00adten Ent\u00adw\u00fcr\u00adfen han\u00addelt es sich um Bei\u00adtr\u00e4\u00adge renom\u00admier\u00adter Land\u00adschafts\u00adar\u00adchi\u00adtek\u00adtur\u00adb\u00fc\u00adros mit umfang\u00adrei\u00adcher Erfah\u00adrung in ver\u00adgleich\u00adba\u00adren Pro\u00adjek\u00adten.<\/p>\n<p style=\"text-align: left\"><strong>Am 05.02.2026 von 16:00 bis 17:30 Uhr fin\u00addet im Cam\u00adpus Marx\u00adloh nun die offi\u00adzi\u00adel\u00adle Aus\u00adstel\u00adlungs\u00ader\u00ad\u00f6ff\u00adnung statt.<\/strong> Im Rah\u00admen die\u00adser Ver\u00adan\u00adstal\u00adtung wer\u00adden die Sie\u00adger\u00adent\u00adw\u00fcr\u00adfe erst\u00admals \u00f6ffent\u00adlich vor\u00adge\u00adstellt. Ver\u00adtre\u00adte\u00adrin\u00adnen und Ver\u00adtre\u00adter der pr\u00e4\u00admier\u00adten B\u00fcros wer\u00adden vor Ort sein und ihre jewei\u00adli\u00adgen Gestal\u00adtungs\u00adideen erl\u00e4u\u00adtern. Vor\u00adge\u00adstellt wer\u00adden Kon\u00adzep\u00adte f\u00fcr die k\u00fcnf\u00adti\u00adge Ent\u00adwick\u00adlung der Park\u00adfl\u00e4\u00adchen auf dem Gel\u00e4n\u00adde der ehe\u00adma\u00adli\u00adgen Schacht\u00adan\u00adla\u00adge hin\u00adter der Moschee in Marx\u00adloh.<\/p>\n<p style=\"text-align: left\">Im Anschluss ist die\u00adse <strong>Aus\u00adstel\u00adlung im Zeit\u00adraum vom 10.02. bis 03.03.2026 f\u00fcr die brei\u00adte \u00d6ffent\u00adlich\u00adkeit zug\u00e4ng\u00adlich.<\/strong> Die Ent\u00adw\u00fcr\u00adfe wer\u00adden im Schau\u00adfens\u00adter der ehe\u00adma\u00adli\u00adgen B\u00e4cke\u00adrei Schl\u00fc\u00adter am August-Bebel-Platz 20 sowie an den Au\u00dfen\u00adz\u00e4u\u00adnen hin\u00adter bzw. neben der Kita Juli\u00adus-Birck-Stra\u00ad\u00dfe direkt an der Park\u00adfl\u00e4\u00adche pr\u00e4\u00adsen\u00adtiert. An den Don\u00adners\u00adta\u00adgen 12.02., 19.02. und 26.02. steht jeweils eine Ansprech\u00adper\u00adson des Umwelt\u00adam\u00adtes von 14:00 bis 16:00 Uhr vor Ort zur Ver\u00adf\u00fc\u00adgung, um Fra\u00adgen zu beant\u00adwor\u00adten und Erl\u00e4u\u00adte\u00adrun\u00adgen zu geben.<\/p>\n<p style=\"text-align: left\">Beglei\u00adtend wer\u00adden Fly\u00ader mit Infor\u00adma\u00adtio\u00adnen zu den Ent\u00adw\u00fcr\u00adfen ver\u00adteilt, die zur Betei\u00adli\u00adgung ein\u00adla\u00adden und M\u00f6g\u00adlich\u00adkei\u00adten er\u00f6ff\u00adnen, Hin\u00adwei\u00adse, Anmer\u00adkun\u00adgen oder Ideen ein\u00adzu\u00adbrin\u00adgen. Eine wei\u00adte\u00adre, ver\u00adtie\u00adfen\u00adde Betei\u00adli\u00adgungs\u00adm\u00f6g\u00adlich\u00adkeit bie\u00adtet die <strong>Dia\u00adlog\u00adwerk\u00adstatt am 05.03.2026 im Cam\u00adpus Marx\u00adloh. Der Ein\u00adlass ist ab 17:00 Uhr vor\u00adge\u00adse\u00adhen, Beginn der Ver\u00adan\u00adstal\u00adtung ist um 17:30 Uhr (bis unge\u00adf\u00e4hr 20:30 Uhr).<\/strong> Im Rah\u00admen der Dia\u00adlog\u00adwerk\u00adstatt wer\u00adden die drei Sie\u00adger\u00adent\u00adw\u00fcr\u00adfe erneut vor\u00adge\u00adstellt und gemein\u00adsam mit der B\u00fcr\u00adger\u00adschaft dis\u00adku\u00adtiert.<\/p>\n<p style=\"text-align: left\">Wir freu\u00aden uns \u00fcber jedes Inter\u00ades\u00adse und ste\u00adhen im Stadt\u00adteil\u00adb\u00fc\u00adro Marx\u00adloh, Kai\u00adser-Fried\u00adrich-Stra\u00ad\u00dfe 34, w\u00e4h\u00adrend unse\u00adrer Sprech\u00adzei\u00adten jeder\u00adzeit f\u00fcr R\u00fcck\u00adfra\u00adgen zur Ver\u00adf\u00fc\u00adgung.<\/p>\n<p><\/p><\/div><\/div><\/div><\/div><\/section><style>.ffb-id-68fapco9 ,.ffb-id-68fapco9:before,.ffb-id-68fapco9:after,.ffb-id-68fapco9 *,.ffb-id-68fapco9 *:before,.ffb-id-68fapco9 *:after{ color: rgba(127, 143, 50) !important;}.ffb-id-68fapco9{ font-size: 16px !important;}.ffb-id-68fapco9 ,.ffb-id-68fapco9:before,.ffb-id-68fapco9:after,.ffb-id-68fapco9:hover,.ffb-id-68fapco9:focus,.ffb-id-68fapco9 *,.ffb-id-68fapco9 *:before,.ffb-id-68fapco9 *:after,.ffb-id-68fapco9 *:hover,.ffb-id-68fapco9 *:focus{ font-size: 16px !important;}@media (min-width:1200px) { .ffb-id-68fapco9{ font-size: 18px !important;}}@media (min-width:1200px) { .ffb-id-68fapco9 ,.ffb-id-68fapco9:before,.ffb-id-68fapco9:after,.ffb-id-68fapco9:hover,.ffb-id-68fapco9:focus,.ffb-id-68fapco9 *,.ffb-id-68fapco9 *:before,.ffb-id-68fapco9 *:after,.ffb-id-68fapco9 *:hover,.ffb-id-68fapco9 *:focus{ font-size: 18px !important;}}<\/style><script type=\"text\/javascript\"><\/script>\n","protected":false},"excerpt":{"rendered":"","protected":false},"author":6,"featured_media":7454,"comment_status":"closed","ping_status":"open","sticky":false,"template":"","format":"standard","meta":{"wp_typography_post_enhancements_disabled":false,"footnotes":""},"categories":[24,21,22,29,27,15,17],"tags":[19],"class_list":["post-7453","post","type-post","status-publish","format-standard","has-post-thumbnail","hentry","category-beteiligungen","category-marxloh","category-modellvorhaben","category-news-marxloh","category-stadtteilbuero-marxloh","category-tp10","category-tp12","tag-marxloh","post-wrapper"],"acf":[],"yoast_head":"<!-- This site is optimized with the Yoast SEO plugin v27.5 - https:\/\/yoast.com\/product\/yoast-seo-wordpress\/ -->\n<title>Ausstellungser\u00f6ffnung der Siegerentw\u00fcrfe zum k\u00fcnftigen Friedrich-Park und dem Bewegungsparcours rund um Marxloh am 05.02.2026 - Stark im Norden<\/title>\n<meta name=\"robots\" content=\"index, follow, max-snippet:-1, max-image-preview:large, max-video-preview:-1\" \/>\n<link rel=\"canonical\" href=\"https:\/\/du-starkimnorden.de\/wordpress\/ausstellungseroeffnung-der-siegerentwuerfe-zum-kuenftigen-friedrich-park-und-dem-bewegungsparcours-rund-um-marxloh-am-05-02-2026\/\" \/>\n<meta property=\"og:locale\" content=\"de_DE\" \/>\n<meta property=\"og:type\" content=\"article\" \/>\n<meta property=\"og:title\" content=\"Ausstellungser\u00f6ffnung der Siegerentw\u00fcrfe zum k\u00fcnftigen Friedrich-Park und dem Bewegungsparcours rund um Marxloh am 05.02.2026 - Stark im Norden\" \/>\n<meta property=\"og:url\" content=\"https:\/\/du-starkimnorden.de\/wordpress\/ausstellungseroeffnung-der-siegerentwuerfe-zum-kuenftigen-friedrich-park-und-dem-bewegungsparcours-rund-um-marxloh-am-05-02-2026\/\" \/>\n<meta property=\"og:site_name\" content=\"Stark im Norden\" \/>\n<meta property=\"article:published_time\" content=\"2026-01-20T11:00:00+00:00\" \/>\n<meta property=\"article:modified_time\" content=\"2026-01-26T12:07:54+00:00\" \/>\n<meta property=\"og:image\" content=\"https:\/\/du-starkimnorden.de\/wordpress\/wp-content\/uploads\/2026\/01\/20260115_Jurysitzung.jpg\" \/>\n\t<meta property=\"og:image:width\" content=\"1694\" \/>\n\t<meta property=\"og:image:height\" content=\"1183\" \/>\n\t<meta property=\"og:image:type\" content=\"image\/jpeg\" \/>\n<meta name=\"author\" content=\"Jan Ottensmann\" \/>\n<meta name=\"twitter:card\" content=\"summary_large_image\" \/>\n<meta name=\"twitter:label1\" content=\"Verfasst von\" \/>\n\t<meta name=\"twitter:data1\" content=\"Jan Ottensmann\" \/>\n\t<meta name=\"twitter:label2\" content=\"Gesch\u00e4tzte Lesezeit\" \/>\n\t<meta name=\"twitter:data2\" content=\"2\u00a0Minuten\" \/>\n<script type=\"application\/ld+json\" class=\"yoast-schema-graph\">{\"@context\":\"https:\\\/\\\/schema.org\",\"@graph\":[{\"@type\":\"Article\",\"@id\":\"https:\\\/\\\/du-starkimnorden.de\\\/wordpress\\\/ausstellungseroeffnung-der-siegerentwuerfe-zum-kuenftigen-friedrich-park-und-dem-bewegungsparcours-rund-um-marxloh-am-05-02-2026\\\/#article\",\"isPartOf\":{\"@id\":\"https:\\\/\\\/du-starkimnorden.de\\\/wordpress\\\/ausstellungseroeffnung-der-siegerentwuerfe-zum-kuenftigen-friedrich-park-und-dem-bewegungsparcours-rund-um-marxloh-am-05-02-2026\\\/\"},\"author\":{\"name\":\"Jan Ottensmann\",\"@id\":\"https:\\\/\\\/du-starkimnorden.de\\\/wordpress\\\/#\\\/schema\\\/person\\\/eb7e9fd6ee0844ceffdd793d9ccf505f\"},\"headline\":\"Ausstellungser\u00f6ffnung der Siegerentw\u00fcrfe zum k\u00fcnftigen Friedrich-Park und dem Bewegungsparcours rund um Marxloh am 05.02.2026\",\"datePublished\":\"2026-01-20T11:00:00+00:00\",\"dateModified\":\"2026-01-26T12:07:54+00:00\",\"mainEntityOfPage\":{\"@id\":\"https:\\\/\\\/du-starkimnorden.de\\\/wordpress\\\/ausstellungseroeffnung-der-siegerentwuerfe-zum-kuenftigen-friedrich-park-und-dem-bewegungsparcours-rund-um-marxloh-am-05-02-2026\\\/\"},\"wordCount\":686,\"publisher\":{\"@id\":\"https:\\\/\\\/du-starkimnorden.de\\\/wordpress\\\/#organization\"},\"image\":{\"@id\":\"https:\\\/\\\/du-starkimnorden.de\\\/wordpress\\\/ausstellungseroeffnung-der-siegerentwuerfe-zum-kuenftigen-friedrich-park-und-dem-bewegungsparcours-rund-um-marxloh-am-05-02-2026\\\/#primaryimage\"},\"thumbnailUrl\":\"https:\\\/\\\/du-starkimnorden.de\\\/wordpress\\\/wp-content\\\/uploads\\\/2026\\\/01\\\/20260115_Jurysitzung.jpg\",\"keywords\":[\"Marxloh\"],\"articleSection\":[\"Beteiligungen\",\"Marxloh\",\"Modellvorhaben\",\"News-Marxloh\",\"Stadtteilb\u00fcro Marxloh\",\"TP10\",\"TP12\"],\"inLanguage\":\"de\"},{\"@type\":\"WebPage\",\"@id\":\"https:\\\/\\\/du-starkimnorden.de\\\/wordpress\\\/ausstellungseroeffnung-der-siegerentwuerfe-zum-kuenftigen-friedrich-park-und-dem-bewegungsparcours-rund-um-marxloh-am-05-02-2026\\\/\",\"url\":\"https:\\\/\\\/du-starkimnorden.de\\\/wordpress\\\/ausstellungseroeffnung-der-siegerentwuerfe-zum-kuenftigen-friedrich-park-und-dem-bewegungsparcours-rund-um-marxloh-am-05-02-2026\\\/\",\"name\":\"Ausstellungser\u00f6ffnung der Siegerentw\u00fcrfe zum k\u00fcnftigen Friedrich-Park und dem Bewegungsparcours rund um Marxloh am 05.02.2026 - Stark im Norden\",\"isPartOf\":{\"@id\":\"https:\\\/\\\/du-starkimnorden.de\\\/wordpress\\\/#website\"},\"primaryImageOfPage\":{\"@id\":\"https:\\\/\\\/du-starkimnorden.de\\\/wordpress\\\/ausstellungseroeffnung-der-siegerentwuerfe-zum-kuenftigen-friedrich-park-und-dem-bewegungsparcours-rund-um-marxloh-am-05-02-2026\\\/#primaryimage\"},\"image\":{\"@id\":\"https:\\\/\\\/du-starkimnorden.de\\\/wordpress\\\/ausstellungseroeffnung-der-siegerentwuerfe-zum-kuenftigen-friedrich-park-und-dem-bewegungsparcours-rund-um-marxloh-am-05-02-2026\\\/#primaryimage\"},\"thumbnailUrl\":\"https:\\\/\\\/du-starkimnorden.de\\\/wordpress\\\/wp-content\\\/uploads\\\/2026\\\/01\\\/20260115_Jurysitzung.jpg\",\"datePublished\":\"2026-01-20T11:00:00+00:00\",\"dateModified\":\"2026-01-26T12:07:54+00:00\",\"breadcrumb\":{\"@id\":\"https:\\\/\\\/du-starkimnorden.de\\\/wordpress\\\/ausstellungseroeffnung-der-siegerentwuerfe-zum-kuenftigen-friedrich-park-und-dem-bewegungsparcours-rund-um-marxloh-am-05-02-2026\\\/#breadcrumb\"},\"inLanguage\":\"de\",\"potentialAction\":[{\"@type\":\"ReadAction\",\"target\":[\"https:\\\/\\\/du-starkimnorden.de\\\/wordpress\\\/ausstellungseroeffnung-der-siegerentwuerfe-zum-kuenftigen-friedrich-park-und-dem-bewegungsparcours-rund-um-marxloh-am-05-02-2026\\\/\"]}]},{\"@type\":\"ImageObject\",\"inLanguage\":\"de\",\"@id\":\"https:\\\/\\\/du-starkimnorden.de\\\/wordpress\\\/ausstellungseroeffnung-der-siegerentwuerfe-zum-kuenftigen-friedrich-park-und-dem-bewegungsparcours-rund-um-marxloh-am-05-02-2026\\\/#primaryimage\",\"url\":\"https:\\\/\\\/du-starkimnorden.de\\\/wordpress\\\/wp-content\\\/uploads\\\/2026\\\/01\\\/20260115_Jurysitzung.jpg\",\"contentUrl\":\"https:\\\/\\\/du-starkimnorden.de\\\/wordpress\\\/wp-content\\\/uploads\\\/2026\\\/01\\\/20260115_Jurysitzung.jpg\",\"width\":1694,\"height\":1183},{\"@type\":\"BreadcrumbList\",\"@id\":\"https:\\\/\\\/du-starkimnorden.de\\\/wordpress\\\/ausstellungseroeffnung-der-siegerentwuerfe-zum-kuenftigen-friedrich-park-und-dem-bewegungsparcours-rund-um-marxloh-am-05-02-2026\\\/#breadcrumb\",\"itemListElement\":[{\"@type\":\"ListItem\",\"position\":1,\"name\":\"Startseite\",\"item\":\"https:\\\/\\\/du-starkimnorden.de\\\/wordpress\\\/\"},{\"@type\":\"ListItem\",\"position\":2,\"name\":\"Ausstellungser\u00f6ffnung der Siegerentw\u00fcrfe zum k\u00fcnftigen Friedrich-Park und dem Bewegungsparcours rund um Marxloh am 05.02.2026\"}]},{\"@type\":\"WebSite\",\"@id\":\"https:\\\/\\\/du-starkimnorden.de\\\/wordpress\\\/#website\",\"url\":\"https:\\\/\\\/du-starkimnorden.de\\\/wordpress\\\/\",\"name\":\"Stark im Norden\",\"description\":\"QM Alt-Hamborn und Marxloh\",\"publisher\":{\"@id\":\"https:\\\/\\\/du-starkimnorden.de\\\/wordpress\\\/#organization\"},\"potentialAction\":[{\"@type\":\"SearchAction\",\"target\":{\"@type\":\"EntryPoint\",\"urlTemplate\":\"https:\\\/\\\/du-starkimnorden.de\\\/wordpress\\\/?s={search_term_string}\"},\"query-input\":{\"@type\":\"PropertyValueSpecification\",\"valueRequired\":true,\"valueName\":\"search_term_string\"}}],\"inLanguage\":\"de\"},{\"@type\":\"Organization\",\"@id\":\"https:\\\/\\\/du-starkimnorden.de\\\/wordpress\\\/#organization\",\"name\":\"Stark im Norden\",\"url\":\"https:\\\/\\\/du-starkimnorden.de\\\/wordpress\\\/\",\"logo\":{\"@type\":\"ImageObject\",\"inLanguage\":\"de\",\"@id\":\"https:\\\/\\\/du-starkimnorden.de\\\/wordpress\\\/#\\\/schema\\\/logo\\\/image\\\/\",\"url\":\"https:\\\/\\\/du-starkimnorden.de\\\/wordpress\\\/wp-content\\\/uploads\\\/2023\\\/04\\\/Logo_03.jpg\",\"contentUrl\":\"https:\\\/\\\/du-starkimnorden.de\\\/wordpress\\\/wp-content\\\/uploads\\\/2023\\\/04\\\/Logo_03.jpg\",\"width\":2000,\"height\":1199,\"caption\":\"Stark im Norden\"},\"image\":{\"@id\":\"https:\\\/\\\/du-starkimnorden.de\\\/wordpress\\\/#\\\/schema\\\/logo\\\/image\\\/\"},\"sameAs\":[\"https:\\\/\\\/www.instagram.com\\\/du_starkimnorden\\\/\"]},{\"@type\":\"Person\",\"@id\":\"https:\\\/\\\/du-starkimnorden.de\\\/wordpress\\\/#\\\/schema\\\/person\\\/eb7e9fd6ee0844ceffdd793d9ccf505f\",\"name\":\"Jan Ottensmann\",\"image\":{\"@type\":\"ImageObject\",\"inLanguage\":\"de\",\"@id\":\"https:\\\/\\\/secure.gravatar.com\\\/avatar\\\/8c80d20a0acb4562e1b844b88a183abd390a24fe58534797d4b8e2a7d77d1e38?s=96&d=mm&r=g\",\"url\":\"https:\\\/\\\/secure.gravatar.com\\\/avatar\\\/8c80d20a0acb4562e1b844b88a183abd390a24fe58534797d4b8e2a7d77d1e38?s=96&d=mm&r=g\",\"contentUrl\":\"https:\\\/\\\/secure.gravatar.com\\\/avatar\\\/8c80d20a0acb4562e1b844b88a183abd390a24fe58534797d4b8e2a7d77d1e38?s=96&d=mm&r=g\",\"caption\":\"Jan Ottensmann\"},\"url\":\"https:\\\/\\\/du-starkimnorden.de\\\/wordpress\\\/author\\\/ottensmann\\\/\"}]}<\/script>\n<!-- \/ Yoast SEO plugin. -->","yoast_head_json":{"title":"Ausstellungser\u00f6ffnung der Siegerentw\u00fcrfe zum k\u00fcnftigen Friedrich-Park und dem Bewegungsparcours rund um Marxloh am 05.02.2026 - Stark im Norden","robots":{"index":"index","follow":"follow","max-snippet":"max-snippet:-1","max-image-preview":"max-image-preview:large","max-video-preview":"max-video-preview:-1"},"canonical":"https:\/\/du-starkimnorden.de\/wordpress\/ausstellungseroeffnung-der-siegerentwuerfe-zum-kuenftigen-friedrich-park-und-dem-bewegungsparcours-rund-um-marxloh-am-05-02-2026\/","og_locale":"de_DE","og_type":"article","og_title":"Ausstellungser\u00f6ffnung der Siegerentw\u00fcrfe zum k\u00fcnftigen Friedrich-Park und dem Bewegungsparcours rund um Marxloh am 05.02.2026 - Stark im Norden","og_url":"https:\/\/du-starkimnorden.de\/wordpress\/ausstellungseroeffnung-der-siegerentwuerfe-zum-kuenftigen-friedrich-park-und-dem-bewegungsparcours-rund-um-marxloh-am-05-02-2026\/","og_site_name":"Stark im Norden","article_published_time":"2026-01-20T11:00:00+00:00","article_modified_time":"2026-01-26T12:07:54+00:00","og_image":[{"width":1694,"height":1183,"url":"https:\/\/du-starkimnorden.de\/wordpress\/wp-content\/uploads\/2026\/01\/20260115_Jurysitzung.jpg","type":"image\/jpeg"}],"author":"Jan Ottensmann","twitter_card":"summary_large_image","twitter_misc":{"Verfasst von":"Jan Ottensmann","Gesch\u00e4tzte Lesezeit":"2\u00a0Minuten"},"schema":{"@context":"https:\/\/schema.org","@graph":[{"@type":"Article","@id":"https:\/\/du-starkimnorden.de\/wordpress\/ausstellungseroeffnung-der-siegerentwuerfe-zum-kuenftigen-friedrich-park-und-dem-bewegungsparcours-rund-um-marxloh-am-05-02-2026\/#article","isPartOf":{"@id":"https:\/\/du-starkimnorden.de\/wordpress\/ausstellungseroeffnung-der-siegerentwuerfe-zum-kuenftigen-friedrich-park-und-dem-bewegungsparcours-rund-um-marxloh-am-05-02-2026\/"},"author":{"name":"Jan Ottensmann","@id":"https:\/\/du-starkimnorden.de\/wordpress\/#\/schema\/person\/eb7e9fd6ee0844ceffdd793d9ccf505f"},"headline":"Ausstellungser\u00f6ffnung der Siegerentw\u00fcrfe zum k\u00fcnftigen Friedrich-Park und dem Bewegungsparcours rund um Marxloh am 05.02.2026","datePublished":"2026-01-20T11:00:00+00:00","dateModified":"2026-01-26T12:07:54+00:00","mainEntityOfPage":{"@id":"https:\/\/du-starkimnorden.de\/wordpress\/ausstellungseroeffnung-der-siegerentwuerfe-zum-kuenftigen-friedrich-park-und-dem-bewegungsparcours-rund-um-marxloh-am-05-02-2026\/"},"wordCount":686,"publisher":{"@id":"https:\/\/du-starkimnorden.de\/wordpress\/#organization"},"image":{"@id":"https:\/\/du-starkimnorden.de\/wordpress\/ausstellungseroeffnung-der-siegerentwuerfe-zum-kuenftigen-friedrich-park-und-dem-bewegungsparcours-rund-um-marxloh-am-05-02-2026\/#primaryimage"},"thumbnailUrl":"https:\/\/du-starkimnorden.de\/wordpress\/wp-content\/uploads\/2026\/01\/20260115_Jurysitzung.jpg","keywords":["Marxloh"],"articleSection":["Beteiligungen","Marxloh","Modellvorhaben","News-Marxloh","Stadtteilb\u00fcro Marxloh","TP10","TP12"],"inLanguage":"de"},{"@type":"WebPage","@id":"https:\/\/du-starkimnorden.de\/wordpress\/ausstellungseroeffnung-der-siegerentwuerfe-zum-kuenftigen-friedrich-park-und-dem-bewegungsparcours-rund-um-marxloh-am-05-02-2026\/","url":"https:\/\/du-starkimnorden.de\/wordpress\/ausstellungseroeffnung-der-siegerentwuerfe-zum-kuenftigen-friedrich-park-und-dem-bewegungsparcours-rund-um-marxloh-am-05-02-2026\/","name":"Ausstellungser\u00f6ffnung der Siegerentw\u00fcrfe zum k\u00fcnftigen Friedrich-Park und dem Bewegungsparcours rund um Marxloh am 05.02.2026 - Stark im Norden","isPartOf":{"@id":"https:\/\/du-starkimnorden.de\/wordpress\/#website"},"primaryImageOfPage":{"@id":"https:\/\/du-starkimnorden.de\/wordpress\/ausstellungseroeffnung-der-siegerentwuerfe-zum-kuenftigen-friedrich-park-und-dem-bewegungsparcours-rund-um-marxloh-am-05-02-2026\/#primaryimage"},"image":{"@id":"https:\/\/du-starkimnorden.de\/wordpress\/ausstellungseroeffnung-der-siegerentwuerfe-zum-kuenftigen-friedrich-park-und-dem-bewegungsparcours-rund-um-marxloh-am-05-02-2026\/#primaryimage"},"thumbnailUrl":"https:\/\/du-starkimnorden.de\/wordpress\/wp-content\/uploads\/2026\/01\/20260115_Jurysitzung.jpg","datePublished":"2026-01-20T11:00:00+00:00","dateModified":"2026-01-26T12:07:54+00:00","breadcrumb":{"@id":"https:\/\/du-starkimnorden.de\/wordpress\/ausstellungseroeffnung-der-siegerentwuerfe-zum-kuenftigen-friedrich-park-und-dem-bewegungsparcours-rund-um-marxloh-am-05-02-2026\/#breadcrumb"},"inLanguage":"de","potentialAction":[{"@type":"ReadAction","target":["https:\/\/du-starkimnorden.de\/wordpress\/ausstellungseroeffnung-der-siegerentwuerfe-zum-kuenftigen-friedrich-park-und-dem-bewegungsparcours-rund-um-marxloh-am-05-02-2026\/"]}]},{"@type":"ImageObject","inLanguage":"de","@id":"https:\/\/du-starkimnorden.de\/wordpress\/ausstellungseroeffnung-der-siegerentwuerfe-zum-kuenftigen-friedrich-park-und-dem-bewegungsparcours-rund-um-marxloh-am-05-02-2026\/#primaryimage","url":"https:\/\/du-starkimnorden.de\/wordpress\/wp-content\/uploads\/2026\/01\/20260115_Jurysitzung.jpg","contentUrl":"https:\/\/du-starkimnorden.de\/wordpress\/wp-content\/uploads\/2026\/01\/20260115_Jurysitzung.jpg","width":1694,"height":1183},{"@type":"BreadcrumbList","@id":"https:\/\/du-starkimnorden.de\/wordpress\/ausstellungseroeffnung-der-siegerentwuerfe-zum-kuenftigen-friedrich-park-und-dem-bewegungsparcours-rund-um-marxloh-am-05-02-2026\/#breadcrumb","itemListElement":[{"@type":"ListItem","position":1,"name":"Startseite","item":"https:\/\/du-starkimnorden.de\/wordpress\/"},{"@type":"ListItem","position":2,"name":"Ausstellungser\u00f6ffnung der Siegerentw\u00fcrfe zum k\u00fcnftigen Friedrich-Park und dem Bewegungsparcours rund um Marxloh am 05.02.2026"}]},{"@type":"WebSite","@id":"https:\/\/du-starkimnorden.de\/wordpress\/#website","url":"https:\/\/du-starkimnorden.de\/wordpress\/","name":"Stark im Norden","description":"QM Alt-Hamborn und Marxloh","publisher":{"@id":"https:\/\/du-starkimnorden.de\/wordpress\/#organization"},"potentialAction":[{"@type":"SearchAction","target":{"@type":"EntryPoint","urlTemplate":"https:\/\/du-starkimnorden.de\/wordpress\/?s={search_term_string}"},"query-input":{"@type":"PropertyValueSpecification","valueRequired":true,"valueName":"search_term_string"}}],"inLanguage":"de"},{"@type":"Organization","@id":"https:\/\/du-starkimnorden.de\/wordpress\/#organization","name":"Stark im Norden","url":"https:\/\/du-starkimnorden.de\/wordpress\/","logo":{"@type":"ImageObject","inLanguage":"de","@id":"https:\/\/du-starkimnorden.de\/wordpress\/#\/schema\/logo\/image\/","url":"https:\/\/du-starkimnorden.de\/wordpress\/wp-content\/uploads\/2023\/04\/Logo_03.jpg","contentUrl":"https:\/\/du-starkimnorden.de\/wordpress\/wp-content\/uploads\/2023\/04\/Logo_03.jpg","width":2000,"height":1199,"caption":"Stark im Norden"},"image":{"@id":"https:\/\/du-starkimnorden.de\/wordpress\/#\/schema\/logo\/image\/"},"sameAs":["https:\/\/www.instagram.com\/du_starkimnorden\/"]},{"@type":"Person","@id":"https:\/\/du-starkimnorden.de\/wordpress\/#\/schema\/person\/eb7e9fd6ee0844ceffdd793d9ccf505f","name":"Jan Ottensmann","image":{"@type":"ImageObject","inLanguage":"de","@id":"https:\/\/secure.gravatar.com\/avatar\/8c80d20a0acb4562e1b844b88a183abd390a24fe58534797d4b8e2a7d77d1e38?s=96&d=mm&r=g","url":"https:\/\/secure.gravatar.com\/avatar\/8c80d20a0acb4562e1b844b88a183abd390a24fe58534797d4b8e2a7d77d1e38?s=96&d=mm&r=g","contentUrl":"https:\/\/secure.gravatar.com\/avatar\/8c80d20a0acb4562e1b844b88a183abd390a24fe58534797d4b8e2a7d77d1e38?s=96&d=mm&r=g","caption":"Jan Ottensmann"},"url":"https:\/\/du-starkimnorden.de\/wordpress\/author\/ottensmann\/"}]}},"_links":{"self":[{"href":"https:\/\/du-starkimnorden.de\/wordpress\/wp-json\/wp\/v2\/posts\/7453","targetHints":{"allow":["GET"]}}],"collection":[{"href":"https:\/\/du-starkimnorden.de\/wordpress\/wp-json\/wp\/v2\/posts"}],"about":[{"href":"https:\/\/du-starkimnorden.de\/wordpress\/wp-json\/wp\/v2\/types\/post"}],"author":[{"embeddable":true,"href":"https:\/\/du-starkimnorden.de\/wordpress\/wp-json\/wp\/v2\/users\/6"}],"replies":[{"embeddable":true,"href":"https:\/\/du-starkimnorden.de\/wordpress\/wp-json\/wp\/v2\/comments?post=7453"}],"version-history":[{"count":14,"href":"https:\/\/du-starkimnorden.de\/wordpress\/wp-json\/wp\/v2\/posts\/7453\/revisions"}],"predecessor-version":[{"id":7469,"href":"https:\/\/du-starkimnorden.de\/wordpress\/wp-json\/wp\/v2\/posts\/7453\/revisions\/7469"}],"wp:featuredmedia":[{"embeddable":true,"href":"https:\/\/du-starkimnorden.de\/wordpress\/wp-json\/wp\/v2\/media\/7454"}],"wp:attachment":[{"href":"https:\/\/du-starkimnorden.de\/wordpress\/wp-json\/wp\/v2\/media?parent=7453"}],"wp:term":[{"taxonomy":"category","embeddable":true,"href":"https:\/\/du-starkimnorden.de\/wordpress\/wp-json\/wp\/v2\/categories?post=7453"},{"taxonomy":"post_tag","embeddable":true,"href":"https:\/\/du-starkimnorden.de\/wordpress\/wp-json\/wp\/v2\/tags?post=7453"}],"curies":[{"name":"wp","href":"https:\/\/api.w.org\/{rel}","templated":true}]}}